{"id":868,"date":"2022-06-15T11:29:08","date_gmt":"2022-06-15T14:29:08","guid":{"rendered":"http:\/\/vamosfluir.com.br\/site\/?p=868"},"modified":"2022-06-28T15:24:20","modified_gmt":"2022-06-28T18:24:20","slug":"3-dicas-para-humanizar-teu-perfil","status":"publish","type":"post","link":"https:\/\/vamosfluir.com.br\/site\/3-dicas-para-humanizar-teu-perfil\/","title":{"rendered":"3 dicas para humanizar teu perfil"},"content":{"rendered":"\n<p>Tu j\u00e1 deve ter ouvido a frase &#8220;pessoas se conectam com pessoas&#8221; e, por mais manjada que seja, \u00e9 a mais pura verdade. Tanto nas rela\u00e7\u00f5es pessoais, quanto no marketing, a confian\u00e7a \u00e9 divisor de \u00e1guas na hora de engajar e vender teu produto\/servi\u00e7o, afinal, as pessoas s\u00f3 compram de quem elas confiam.<\/p>\n\n\n\n<p>Al\u00e9m disso, a pandemia nos fez sentir ainda mais a necessidade de nos conectarmos de uma maneira mais profunda, por isso, a humaniza\u00e7\u00e3o do perfil \u00e9 sim prioridade em 2022 (e para o futuro tamb\u00e9m).<\/p>\n\n\n\n<p>Confere as dicas da <a href=\"https:\/\/instagram.com\/jessicaquinalha\">@jessicaquinalha<\/a>, nossa s\u00f3cia e diretora de opera\u00e7\u00f5es.<\/p>\n\n\n\n<p><strong>Bota tua cara (e da equipe) no sol<\/strong><\/p>\n\n\n\n<p>Obviedades precisam ser ditas, n\u00e9? Mas, ainda sim, tem gente com d\u00favidas se aparece ou n\u00e3o no perfil da pr\u00f3pria empresa. A verdade \u00e9 que as pessoas NECESSITAM ver a pessoa por tr\u00e1s da marca. Mas, melhor do que isso, \u00e9 se as pessoas enxergarem toda a equipe envolvida naquele processo. Isso aumenta o valor do teu produto\/servi\u00e7o e, de quebra, ainda une o teu time!<\/p>\n\n\n\n<p><strong>Confia no teu taco e vai<\/strong><\/p>\n\n\n\n<p>Ter um estilo pr\u00f3prio e dar \u00e0 tua marca uma personalidade \u00fanica que a identifique, \u00e9 um dos jeitos mais poderosos de se aproximar do p\u00fablico.<\/p>\n\n\n\n<p>Isso possibilita que tua marca se posicione na mente do p\u00fablico e que realmente seja vista como uma \u201cpessoa\u201d que ser\u00e1 lembrada para obter informa\u00e7\u00e3o e ajuda em diferentes situa\u00e7\u00f5es.<\/p>\n\n\n\n<p><strong>Gentileza gera gentileza<\/strong><\/p>\n\n\n\n<p>A frase \u00e9 clich\u00ea, mas faz sentido, n\u00e9? Qual o melhor jeito de atrairmos a confian\u00e7a das pessoas? Com di\u00e1logo, gentileza e, principalmente, empatia! Que tal tratar teu cliente de igual pra igual, do mesmo jeitinho que tu gostaria de ser tratado, se apresentando no in\u00edcio do atendimento? Esse \u00e9 mais um jeito de mostrar quem est\u00e1 por tr\u00e1s da marca!<\/p>\n\n\n\n<p>E a\u00ed, curtiu as dicas? Garanto que depois disso, tua marca ser\u00e1 ainda mais lembrada e querida pelo p\u00fablico.<\/p>\n","protected":false},"excerpt":{"rendered":"<p>Tu j\u00e1 deve ter ouvido a frase &#8220;pessoas se conectam com pessoas&#8221; e, por mais manjada que seja, \u00e9 a<span class=\"excerpt-hellip\"> [\u2026]<\/span><\/p>\n","protected":false},"author":2,"featured_media":869,"comment_status":"open","ping_status":"open","sticky":false,"template":"","format":"standard","meta":[],"categories":[1],"tags":[],"_links":{"self":[{"href":"https:\/\/vamosfluir.com.br\/site\/wp-json\/wp\/v2\/posts\/868"}],"collection":[{"href":"https:\/\/vamosfluir.com.br\/site\/wp-json\/wp\/v2\/posts"}],"about":[{"href":"https:\/\/vamosfluir.com.br\/site\/wp-json\/wp\/v2\/types\/post"}],"author":[{"embeddable":true,"href":"https:\/\/vamosfluir.com.br\/site\/wp-json\/wp\/v2\/users\/2"}],"replies":[{"embeddable":true,"href":"https:\/\/vamosfluir.com.br\/site\/wp-json\/wp\/v2\/comments?post=868"}],"version-history":[{"count":2,"href":"https:\/\/vamosfluir.com.br\/site\/wp-json\/wp\/v2\/posts\/868\/revisions"}],"predecessor-version":[{"id":878,"href":"https:\/\/vamosfluir.com.br\/site\/wp-json\/wp\/v2\/posts\/868\/revisions\/878"}],"wp:featuredmedia":[{"embeddable":true,"href":"https:\/\/vamosfluir.com.br\/site\/wp-json\/wp\/v2\/media\/869"}],"wp:attachment":[{"href":"https:\/\/vamosfluir.com.br\/site\/wp-json\/wp\/v2\/media?parent=868"}],"wp:term":[{"taxonomy":"category","embeddable":true,"href":"https:\/\/vamosfluir.com.br\/site\/wp-json\/wp\/v2\/categories?post=868"},{"taxonomy":"post_tag","embeddable":true,"href":"https:\/\/vamosfluir.com.br\/site\/wp-json\/wp\/v2\/tags?post=868"}],"curies":[{"name":"wp","href":"https:\/\/api.w.org\/{rel}","templated":true}]}}