{"id":820,"date":"2022-03-04T07:00:59","date_gmt":"2022-03-04T10:00:59","guid":{"rendered":"http:\/\/vamosfluir.com.br\/site\/?p=820"},"modified":"2022-04-07T10:52:48","modified_gmt":"2022-04-07T13:52:48","slug":"fluindo-com-a-marca-monaco","status":"publish","type":"post","link":"https:\/\/vamosfluir.com.br\/site\/fluindo-com-a-marca-monaco\/","title":{"rendered":"Fluindo com a marca M\u00f4naco"},"content":{"rendered":"\n<p>Autenticidade, praia, autoestima e liberdade s\u00e3o palavras que definem bem a ess\u00eancia da <a href=\"https:\/\/www.instagram.com\/mmonaco.br\/\">M\u00f4naco<\/a>, uma marca de pe\u00e7as beachwear e underwear criada por&nbsp;Mariana Cardoso e Pedro Habekoste.<\/p>\n\n\n\n<p>A M\u00f4naco nasceu de um sonho antigo da Mariana: criar a pr\u00f3pria marca de biqu\u00ednis. Ela lembra que esperou bastante pelo \u201cmomento ideal\u201d antes de realmente dar o primeiro passo, algo comum para todo mundo que j\u00e1 pensou em empreender, mas tudo mudou em 2020.<\/p>\n\n\n\n<p>\u201cSonhava com a minha pr\u00f3pria marca de biqu\u00ednis desde que eu sa\u00ed da escola e comecei a faculdade de Design de Moda, mas na cabe\u00e7a era sempre um sonho bem distante. Infelizmente, um pouco antes da minha formatura, meu pai faleceu e foi como se uma chave tivesse virado dentro de mim; n\u00e3o d\u00e1 tempo de esperar, de deixar as coisas para depois, sabe? Resolvi que era hora de ter coragem\u201d, conta.<\/p>\n\n\n\n<p>\u201cCom dor no cora\u00e7\u00e3o, sai do meu antigo emprego CLT, que eu amava muito, e comecei a planejar tudo! Meu namorado \u00e9 meu s\u00f3cio e com certeza ele foi um dos pilares para dar certo. Planejamos tudo durante uns tr\u00eas, quatro meses at\u00e9 lan\u00e7ar a marca. Foi, e ainda \u00e9, desafiador! Mas n\u00e3o trocaria por nada\u201d, relembra Mariana.<\/p>\n\n\n\n<p>Apoiada no conceito slow fashion, a M\u00f4naco quer que as pessoas se conectem com sustentabilidade, bem-estar, conforto e estilo de vida litor\u00e2neo. Tudo \u00e9 feito com exclusividade, com pe\u00e7as feitas \u00e0 m\u00e3o!&nbsp;<\/p>\n\n\n\n<p>E c\u00e1 para n\u00f3s: a personaliza\u00e7\u00e3o, quando bem explorada, \u00e9 um grande diferencial para segmentar o p\u00fablico, n\u00e9?<\/p>\n\n\n\n<p><strong>\u201c<\/strong>O maior desafio de ser sustent\u00e1vel e artesanal, sem d\u00favida, \u00e9 encontrar o teu p\u00fablico. Infelizmente, em decorr\u00eancia do fast fashion e das grandes lojas, nem todo mundo entende o verdadeiro trabalho, pre\u00e7o de uma pe\u00e7a de roupa. Acredito que as maiores vantagens sejam a exclusividade das pe\u00e7as e a maior proximidade com o cliente. Com o tempo, vamos encontrando nosso p\u00fablico e atingindo nossas metas\u201d, diz Mariana.<\/p>\n\n\n\n<p>Na M\u00f4naco, cada estrat\u00e9gia \u00e9 pensada com o jeitinho da Mariana e do Pedro, at\u00e9 a produ\u00e7\u00e3o de conte\u00fado! Para que os posts transmitam essa vibe de naturalidade e carinho em cada detalhe, a Mariana faz todo o trabalho de social media sozinha.&nbsp;<\/p>\n\n\n\n<p><strong>\u201c<\/strong>Confesso que quem faz a produ\u00e7\u00e3o de conte\u00fado sou eu mesma! J\u00e1 tentei trabalhar com social media e, infelizmente, n\u00e3o deu certo. Sou apegada no Instagram e gosto de fazer tudo! Hoje, planejo semanalmente o feed e os stories acabam sendo sobre backstage e vida real! O contato frequente com as influencers de Porto Alegre tamb\u00e9m nos ajuda bastante nesse quesito de produ\u00e7\u00e3o de conte\u00fado, ent\u00e3o andamos preferindo investir nelas\u201d, comenta.<\/p>\n\n\n\n<p>\u201cGostamos que os posts sejam sempre com uma linguagem simples e de dia a dia, que os posts\/stories possuam as mesmas cores da nossa cartela, as mesmas m\u00fasicas, os mesmos locais para fotos etc. Assim, sempre que postarmos algo com alguma dessas refer\u00eancias, nossas clientes v\u00e3o saber que somos n\u00f3s, mesmo sem ler o nosso nome!\u201d, explica Mariana.&nbsp;<\/p>\n\n\n\n<p>Essa \u00e9 uma \u00f3tima estrat\u00e9gia. Afinal, o p\u00fablico tamb\u00e9m se conecta com as pessoas que est\u00e3o por tr\u00e1s da marca. Por isso, \u00e9 bem importante que tu mostre quem faz o teu neg\u00f3cio acontecer todos os dias!<\/p>\n\n\n\n<p>E falando em produ\u00e7\u00e3o de conte\u00fado, a Mariana contou que os stories s\u00e3o os que mais bombam no Instagram da M\u00f4naco. Por l\u00e1, ela compartilha muita vida real, produ\u00e7\u00e3o, pedidos e bastidores!<\/p>\n\n\n\n<p>\u201cHoje, o que mais traz resultado s\u00e3o os stories! Eu sempre tento trazer a nossa vida real na empresa. A produ\u00e7\u00e3o, os pedidos sendo preparados\u2026 tudo como realmente \u00e9! Acredito que isso aproxima muito as clientes e faz com que elas engajem bastante com a gente. Em segundo, com certeza os posts no feed\/reels de influencers j\u00e1 &#8220;fixas\u201d! Temos uma parceria muito legal com tr\u00eas meninas de Porto Alegre que nos trazem bastante resultado! Justamente por possu\u00edrem a mesma ess\u00eancia que n\u00f3s, o mesmo tipo de conte\u00fado, de naturalidade etc\u201d, destaca.<\/p>\n\n\n\n<p>Bom, e agora que a gente j\u00e1 conheceu um pouquinho mais da hist\u00f3ria da M\u00f4naco, qual ser\u00e1 o conselho que a Mariana tem para compartilhar com quem est\u00e1 come\u00e7ando a empreender?<\/p>\n\n\n\n<p><strong>\u201c<\/strong>Acho que o \u00fanico conselho poss\u00edvel para esse meio digital &#8211; que \u00e9 totalmente maluco, mas perfeito &#8211; \u00e9 n\u00e3o desistir. N\u00e3o cabe nas nossas m\u00e3os quantas vezes j\u00e1 pensamos em desistir, voltar para CLT. Tem dias que tudo d\u00e1 errado, que o engajamento cai, que n\u00e3o tem vendas e assim por diante. Mas isso acaba te dando ainda mais for\u00e7a e coragem para insistir. N\u00e3o precisa ter medo de aparecer, de p\u00f4r a cara a tapa, de tentar diversas vezes. Vai dar certo!\u201d<\/p>\n\n\n\n<p>\u00c9 bem o que a gente costuma falar, Mari. Come\u00e7ar um neg\u00f3cio do zero \u00e9 sempre uma montanha russa, mas vale a pena!<br><\/p>\n","protected":false},"excerpt":{"rendered":"<p>Autenticidade, praia, autoestima e liberdade s\u00e3o palavras que definem bem a ess\u00eancia da M\u00f4naco, uma marca de pe\u00e7as beachwear e<span class=\"excerpt-hellip\"> [\u2026]<\/span><\/p>\n","protected":false},"author":1,"featured_media":828,"comment_status":"open","ping_status":"open","sticky":false,"template":"","format":"standard","meta":[],"categories":[7,4],"tags":[],"_links":{"self":[{"href":"https:\/\/vamosfluir.com.br\/site\/wp-json\/wp\/v2\/posts\/820"}],"collection":[{"href":"https:\/\/vamosfluir.com.br\/site\/wp-json\/wp\/v2\/posts"}],"about":[{"href":"https:\/\/vamosfluir.com.br\/site\/wp-json\/wp\/v2\/types\/post"}],"author":[{"embeddable":true,"href":"https:\/\/vamosfluir.com.br\/site\/wp-json\/wp\/v2\/users\/1"}],"replies":[{"embeddable":true,"href":"https:\/\/vamosfluir.com.br\/site\/wp-json\/wp\/v2\/comments?post=820"}],"version-history":[{"count":1,"href":"https:\/\/vamosfluir.com.br\/site\/wp-json\/wp\/v2\/posts\/820\/revisions"}],"predecessor-version":[{"id":822,"href":"https:\/\/vamosfluir.com.br\/site\/wp-json\/wp\/v2\/posts\/820\/revisions\/822"}],"wp:featuredmedia":[{"embeddable":true,"href":"https:\/\/vamosfluir.com.br\/site\/wp-json\/wp\/v2\/media\/828"}],"wp:attachment":[{"href":"https:\/\/vamosfluir.com.br\/site\/wp-json\/wp\/v2\/media?parent=820"}],"wp:term":[{"taxonomy":"category","embeddable":true,"href":"https:\/\/vamosfluir.com.br\/site\/wp-json\/wp\/v2\/categories?post=820"},{"taxonomy":"post_tag","embeddable":true,"href":"https:\/\/vamosfluir.com.br\/site\/wp-json\/wp\/v2\/tags?post=820"}],"curies":[{"name":"wp","href":"https:\/\/api.w.org\/{rel}","templated":true}]}}