{"id":799,"date":"2021-11-25T16:11:17","date_gmt":"2021-11-25T19:11:17","guid":{"rendered":"http:\/\/vamosfluir.com.br\/site\/?p=799"},"modified":"2021-11-25T16:11:17","modified_gmt":"2021-11-25T19:11:17","slug":"fluindo-com-o-corretor-de-imoveis-nos-eua-frederico-hexsel","status":"publish","type":"post","link":"https:\/\/vamosfluir.com.br\/site\/fluindo-com-o-corretor-de-imoveis-nos-eua-frederico-hexsel\/","title":{"rendered":"Fluindo com o corretor de im\u00f3veis nos EUA Frederico Hexsel"},"content":{"rendered":"\n<p>A vontade de viajar para a Fl\u00f3rida, nos Estados Unidos, para curtir os parques tem\u00e1ticos, as praias e a grande variedade de experi\u00eancias gastron\u00f4micas \u00e9 ainda maior quando seguimos o Instagram do Frederico Hexsel (@fredericohexsel_florida), cliente Fluir.<\/p>\n\n\n\n<p>Pela plataforma, o corretor de im\u00f3veis conta as principais novidades do estado e tamb\u00e9m compartilha op\u00e7\u00f5es de compras estrat\u00e9gicas, como vacation homes, apartamentos e resid\u00eancias.<\/p>\n\n\n\n<p>\u00c9 dif\u00edcil passar por um post do Frederico sem imaginar como seria viver na Fl\u00f3rida! Isso porque ele sempre traz as vantagens de planejar uma vida por l\u00e1, como o crescimento de investimento no mercado imobili\u00e1rio americano, custo de vida mais acess\u00edvel, \u00edndices positivos de educa\u00e7\u00e3o e, \u00e9 claro, as atra\u00e7\u00f5es que est\u00e3o fazendo sucesso nos parques da Disney e da Universal.&nbsp;<\/p>\n\n\n\n<p>Para Frederico, as redes sociais funcionam como um elo de comunica\u00e7\u00e3o entre Brasil e Fl\u00f3rida. Ao entrar no digital, ele lembra que ficou mais pr\u00f3ximo de clientes antigos e conseguiu criar novas conex\u00f5es com outros parceiros.<\/p>\n\n\n\n<p><strong>\u201c<\/strong>Quando decidi entrar no mercado imobili\u00e1rio da Fl\u00f3rida, j\u00e1 tinha um plano de a\u00e7\u00e3o e divulga\u00e7\u00e3o do meu trabalho elaborado. As redes sociais faziam parte do plano, desde o primeiro dia que comecei a pensar no projeto mercado imobili\u00e1rio\u201d, comenta. \u201cAs redes sociais s\u00e3o a porta de entrada para muitos neg\u00f3cios e indica\u00e7\u00f5es. Estabeleci contato com novos e potenciais clientes, al\u00e9m de pessoas que conhecia, mas n\u00e3o tinha contato h\u00e1 muitos anos. N\u00e3o consigo imaginar um cen\u00e1rio de como seria o meu \u201cbusiness\u201d sem redes sociais. Desde que comecei, sempre usei as ferramentas.\u201d<\/p>\n\n\n\n<p>A produ\u00e7\u00e3o de conte\u00fado que fazemos para o Frederico inclui formatos bem diversos. Costumamos usar carross\u00e9is para mostrar mais detalhes sobre os im\u00f3veis, cards \u00fanicos para compartilhar novidades e not\u00edcias e v\u00eddeos para comentar assuntos que est\u00e3o em alta.<\/p>\n\n\n\n<p>Frederico diz que os posts dele chegam at\u00e9 pa\u00edses que n\u00e3o falam portugu\u00eas, idioma das publica\u00e7\u00f5es. Por isso, ele encara que as m\u00eddias s\u00e3o o bra\u00e7o direito para dar mais seguran\u00e7a aos clientes, desde a procura por um corretor de im\u00f3veis at\u00e9 o fechamento de uma compra.<\/p>\n\n\n\n<p><strong>\u201c<\/strong>O feedback que recebo dos clientes \u00e9 excelente. Tenho seguidores de fora do Brasil, mesmo com as postagens sendo feitas todas em idioma portugu\u00eas. Considero as redes sociais como porta de entrada para iniciarmos relacionamento e, de certa forma, \u201cvendermos\u201d credibilidade. Redes sociais desenvolvidas por profissionais, na minha opini\u00e3o, passam a ideia de que o neg\u00f3cio est\u00e1 sendo conduzido de forma profissional\u201d, explica.&nbsp;<\/p>\n\n\n\n<p>Para fechar nosso bate-papo, pedimos para o Frederico dar uma dica para quem ainda tem medo de investir nas redes sociais. Ele destaca que, com uma boa produ\u00e7\u00e3o de conte\u00fado, podemos impactar mais pessoas e reafirmar nossa reputa\u00e7\u00e3o.<\/p>\n\n\n\n<p>\u201cProcure sempre reservar parte do seu or\u00e7amento para investimentos em redes sociais. Enxergando sob a \u00f3tica do segmento que atuo, entendo que as redes sociais atendem dois grandes objetivos. O primeiro \u00e9 ser um \u201ctop of mind\u201d junto ao p\u00fablico que me segue. Gosto de dar o exemplo do churrasco de final de semana. Algu\u00e9m comenta sobre im\u00f3veis na Florida e, muito provavelmente, quem segue as minhas redes lembrar\u00e1 do meu nome. O segundo objetivo \u00e9 dar informa\u00e7\u00f5es concretas e s\u00f3lidas sobre o que vendo\u201d, aconselha.<\/p>\n\n\n\n<p>A gente ainda complementa! Se tu quer te conectar de verdade com o teu p\u00fablico, tu precisa entender o que ele procura e adaptar o teu conte\u00fado. Assim, mais do que ter seguidores, tu vai conseguir manter uma rede de pessoas engajadas com o teu prop\u00f3sito. <br><\/p>\n","protected":false},"excerpt":{"rendered":"<p>A vontade de viajar para a Fl\u00f3rida, nos Estados Unidos, para curtir os parques tem\u00e1ticos, as praias e a grande<span class=\"excerpt-hellip\"> [\u2026]<\/span><\/p>\n","protected":false},"author":1,"featured_media":800,"comment_status":"open","ping_status":"open","sticky":false,"template":"","format":"standard","meta":[],"categories":[7,4],"tags":[],"_links":{"self":[{"href":"https:\/\/vamosfluir.com.br\/site\/wp-json\/wp\/v2\/posts\/799"}],"collection":[{"href":"https:\/\/vamosfluir.com.br\/site\/wp-json\/wp\/v2\/posts"}],"about":[{"href":"https:\/\/vamosfluir.com.br\/site\/wp-json\/wp\/v2\/types\/post"}],"author":[{"embeddable":true,"href":"https:\/\/vamosfluir.com.br\/site\/wp-json\/wp\/v2\/users\/1"}],"replies":[{"embeddable":true,"href":"https:\/\/vamosfluir.com.br\/site\/wp-json\/wp\/v2\/comments?post=799"}],"version-history":[{"count":0,"href":"https:\/\/vamosfluir.com.br\/site\/wp-json\/wp\/v2\/posts\/799\/revisions"}],"wp:featuredmedia":[{"embeddable":true,"href":"https:\/\/vamosfluir.com.br\/site\/wp-json\/"}],"wp:attachment":[{"href":"https:\/\/vamosfluir.com.br\/site\/wp-json\/wp\/v2\/media?parent=799"}],"wp:term":[{"taxonomy":"category","embeddable":true,"href":"https:\/\/vamosfluir.com.br\/site\/wp-json\/wp\/v2\/categories?post=799"},{"taxonomy":"post_tag","embeddable":true,"href":"https:\/\/vamosfluir.com.br\/site\/wp-json\/wp\/v2\/tags?post=799"}],"curies":[{"name":"wp","href":"https:\/\/api.w.org\/{rel}","templated":true}]}}