{"id":792,"date":"2021-11-11T10:33:03","date_gmt":"2021-11-11T13:33:03","guid":{"rendered":"http:\/\/vamosfluir.com.br\/site\/?p=792"},"modified":"2021-11-11T10:33:03","modified_gmt":"2021-11-11T13:33:03","slug":"fluindo-com-a-influenciadora-ana-zuos","status":"publish","type":"post","link":"https:\/\/vamosfluir.com.br\/site\/fluindo-com-a-influenciadora-ana-zuos\/","title":{"rendered":"Fluindo com a influenciadora Ana Zuos"},"content":{"rendered":"\n<p>Quem nunca sonhou com um feed cheio de destinos instragram\u00e1veis? No Instagram da <a href=\"https:\/\/instagram.com\/anazuos\">Ana Zuos<\/a>, a gente conhece v\u00e1rios pontos tur\u00edsticos do Brasil e do mundo pelo olhar da travel girl.\u00a0<\/p>\n\n\n\n<p>Atrav\u00e9s da plataforma, Ana compartilha dicas, experi\u00eancias que teve nos anos de interc\u00e2mbio e mochil\u00e3o, bastidores de viagens e, como a pr\u00f3pria define, perrengues da vida real. Al\u00e9m do Instagram, ela tamb\u00e9m tem um canal no YouTube, criado h\u00e1 sete meses, onde produz vlogs para mostrar um pouquinho mais dos lugares que j\u00e1 visitou.<\/p>\n\n\n\n<p>A ideia de produzir conte\u00fado para as m\u00eddias sociais surgiu ainda na adolesc\u00eancia. No primeiro v\u00eddeo publicado no YouTube, Ana explica que sempre gostou de mostrar cada detalhe das viagens que fez. Hoje, aos 20 anos, a vontade de compartilhar viv\u00eancias evoluiu para a proposta de criar uma rede de empoderamento feminino, capaz de incentivar outras mulheres a conhecer o mundo.<\/p>\n\n\n\n<p>Segundo Ana, o prop\u00f3sito das plataformas \u00e9 \u201cconseguir ensinar e facilitar a vida de meninas e mulheres ao viajar o mundo, mesmo que sozinhas, mostrando que a coragem vem de sonhos e que eles s\u00e3o poss\u00edveis de serem alcan\u00e7ados.\u201d&nbsp;<\/p>\n\n\n\n<p>Quando come\u00e7ou a produzir conte\u00fado, a principal dificuldade da Ana foi lidar com a const\u00e2ncia. Ela conta que se sentia muito pressionada a estar presente e dar conta de tudo, mesmo sabendo que o tempo na vida real \u00e9 muito diferente do que \u00e9 exposto na internet. \u201cTer uma press\u00e3o muito grande de \u201cperfei\u00e7\u00e3o\u201d foi uma dificuldade, pois todo mundo sabe que ningu\u00e9m \u00e9 perfeito e que a vida real existe. Mas a press\u00e3o de estar sempre presente, \u201cquem n\u00e3o \u00e9 visto n\u00e3o \u00e9 lembrado\u201d, \u00e9 muito grande, fazendo 24 horas ser pouco para dar conta de tanto trabalho que tem por tr\u00e1s de tudo isso\u201d, lembra.<\/p>\n\n\n\n<p>A gente costuma dizer na Fluir que a const\u00e2ncia \u00e9 importante, mas n\u00e3o deve ser a \u00fanica preocupa\u00e7\u00e3o da tua marca. Mais do que estar sempre presente nas redes, tu precisa entregar conte\u00fado de valor. Afinal, a tua presen\u00e7a n\u00e3o \u00e9 t\u00e3o impactante quando tu n\u00e3o traz um conte\u00fado relevante para o teu p\u00fablico. Por isso, n\u00e3o tem nenhum problema deixar a presen\u00e7a um pouco de lado para focar na produ\u00e7\u00e3o de conte\u00fado. Na d\u00favida, prioriza a tua entrega de valor e como o conte\u00fado conversa com o teu nicho!&nbsp;<\/p>\n\n\n\n<p>Falando em produ\u00e7\u00e3o, Ana disse que divide os conte\u00fados em duas partes: os que s\u00e3o planejados, como os posts no feed, e os que s\u00e3o mais temporais, publicados nos stories.&nbsp;<\/p>\n\n\n\n<p>\u201cTenho muito planejamento em cima da cria\u00e7\u00e3o de conte\u00fado para feed, reels, IGVT etc., mas nos stories gosto de registrar momentos, ideias, tempo real\u201d, comenta. Ela ainda refor\u00e7ou que os stories geram um v\u00ednculo maior com os seguidores, que gostam de formatos mais r\u00e1pidos. \u201cGosto muito dos stories por conseguir me expressar e me conectar de uma forma mais direta e clara com quem me acompanha. O reels tamb\u00e9m, pois ele consegue transmitir o conte\u00fado de uma maneira leve e r\u00e1pida. S\u00e3o os meus dois formatos favoritos e que acho mais divertido.\u201d<\/p>\n\n\n\n<p>E \u00e9 claro que a gente n\u00e3o poderia encerrar o bate-papo sem pedir uma dica para quem est\u00e1 come\u00e7ando a produzir conte\u00fado para as redes, n\u00e9?&nbsp;<\/p>\n\n\n\n<p>A dica da Ana \u00e9 \u201cestudar muito, fazer com o cora\u00e7\u00e3o e ter paci\u00eancia, pois \u00e9 uma profiss\u00e3o e, como todas as outras, vai ter muito trabalho, metas, objetivos e altos e baixos.\u201d<\/p>\n\n\n\n<p>Com essa dica, a gente aproveita para destacar duas coisas! A primeira \u00e9 que criar conte\u00fado exige, sim, muito estudo para entender as m\u00e9tricas e o que funciona para o teu p\u00fablico-alvo. A segunda \u00e9 que todo o criador de conte\u00fado precisa ter paci\u00eancia, porque os resultados n\u00e3o aparecem de um dia para o outro. Mas, pode acreditar, quando o teu conte\u00fado impacta, faz cada esfor\u00e7o valer a pena.<br><\/p>\n","protected":false},"excerpt":{"rendered":"<p>Quem nunca sonhou com um feed cheio de destinos instragram\u00e1veis? No Instagram da Ana Zuos, a gente conhece v\u00e1rios pontos<span class=\"excerpt-hellip\"> [\u2026]<\/span><\/p>\n","protected":false},"author":1,"featured_media":793,"comment_status":"open","ping_status":"open","sticky":false,"template":"","format":"standard","meta":[],"categories":[7,4],"tags":[],"_links":{"self":[{"href":"https:\/\/vamosfluir.com.br\/site\/wp-json\/wp\/v2\/posts\/792"}],"collection":[{"href":"https:\/\/vamosfluir.com.br\/site\/wp-json\/wp\/v2\/posts"}],"about":[{"href":"https:\/\/vamosfluir.com.br\/site\/wp-json\/wp\/v2\/types\/post"}],"author":[{"embeddable":true,"href":"https:\/\/vamosfluir.com.br\/site\/wp-json\/wp\/v2\/users\/1"}],"replies":[{"embeddable":true,"href":"https:\/\/vamosfluir.com.br\/site\/wp-json\/wp\/v2\/comments?post=792"}],"version-history":[{"count":0,"href":"https:\/\/vamosfluir.com.br\/site\/wp-json\/wp\/v2\/posts\/792\/revisions"}],"wp:featuredmedia":[{"embeddable":true,"href":"https:\/\/vamosfluir.com.br\/site\/wp-json\/"}],"wp:attachment":[{"href":"https:\/\/vamosfluir.com.br\/site\/wp-json\/wp\/v2\/media?parent=792"}],"wp:term":[{"taxonomy":"category","embeddable":true,"href":"https:\/\/vamosfluir.com.br\/site\/wp-json\/wp\/v2\/categories?post=792"},{"taxonomy":"post_tag","embeddable":true,"href":"https:\/\/vamosfluir.com.br\/site\/wp-json\/wp\/v2\/tags?post=792"}],"curies":[{"name":"wp","href":"https:\/\/api.w.org\/{rel}","templated":true}]}}