{"id":788,"date":"2021-11-03T18:01:22","date_gmt":"2021-11-03T21:01:22","guid":{"rendered":"http:\/\/vamosfluir.com.br\/site\/?p=788"},"modified":"2021-11-03T18:01:22","modified_gmt":"2021-11-03T21:01:22","slug":"fluindo-com-o-portal-de-jornalismo-infoca","status":"publish","type":"post","link":"https:\/\/vamosfluir.com.br\/site\/fluindo-com-o-portal-de-jornalismo-infoca\/","title":{"rendered":"Fluindo com o portal de jornalismo Infoca"},"content":{"rendered":"\n<p>O que acontece quando duas jornalistas decidem empreender? No caso da <a href=\"https:\/\/instagram.com\/joanatreptow\">Joana Treptow<\/a> e da <a href=\"https:\/\/instagram.com\/camila.corsini\">Camila Corsini<\/a>, essa decis\u00e3o criou o <a href=\"https:\/\/instagram.com\/infoca\">Infoca<\/a>, um laborat\u00f3rio de jornalismo 100% digital e feito por mulheres.<\/p>\n\n\n\n<p>A ideia de fundar um ve\u00edculo de comunica\u00e7\u00e3o surgiu em 2020, depois de uma troca de mensagens pelas redes sociais. Na \u00e9poca, as duas j\u00e1 haviam trabalhado juntas, mas n\u00e3o eram pr\u00f3ximas.\u00a0<\/p>\n\n\n\n<p><strong>\u201c<\/strong>Eu conheci a Joana na Band, em 2018, quando eu era estagi\u00e1ria e ela era rep\u00f3rter. Na \u00e9poca, n\u00f3s s\u00f3 nos segu\u00edamos nas redes, n\u00e3o \u00e9ramos amigas. Em setembro de 2020, eu j\u00e1 estava formada e trabalhando em outro lugar, e ela postou que estava com uma ideia de criar um ve\u00edculo de comunica\u00e7\u00e3o. E eu s\u00f3 mandei: n\u00e3o sei o que \u00e9, mas conte comigo. Daquele dia em diante a gente n\u00e3o passou um dia sequer sem falar no Infoca\u201d, conta Camila.&nbsp;<\/p>\n\n\n\n<p>Hoje, o Infoca conta com 20 mulheres na sua equipe: 14 \u201cfocas\u201d, como s\u00e3o chamadas as jornalistas em forma\u00e7\u00e3o ou rec\u00e9m-formadas, duas editoras-chefes (Camila e Joana), tr\u00eas editoras-executivas e uma analista de tr\u00e1fego.&nbsp;<\/p>\n\n\n\n<p>A principal plataforma usada pelo lab \u00e9 o Instagram. O Infoca tamb\u00e9m tem contas no Twitter, no Facebook e no LinkedIn, embora n\u00e3o esteja t\u00e3o presente nessas redes.<\/p>\n\n\n\n<p>\u201cO Instagram \u00e9 uma das redes sociais mais populares. A nossa inten\u00e7\u00e3o \u00e9 levar conte\u00fado de uma forma leve, did\u00e1tica e acess\u00edvel. A pessoa estar rolando o feed e dar de cara com algo que ela queira ler e entenda sem delongas \u2013 que n\u00e3o tenha palavras dif\u00edceis, termos jur\u00eddicos, text\u00e3o. A gente sempre fala: meninas, escrevam como voc\u00eas estivessem contando essa not\u00edcia para seus av\u00f3s\u201d, explica Camila. Aqui na Fluir, n\u00f3s concordamos com isso. Sempre lembramos que quanto mais descomplicada for a linguagem, melhor. Frases curtas e objetivas ajudam a evitar erros e d\u00e3o mais ritmo para a leitura.&nbsp;<\/p>\n\n\n\n<p>Para o Infoca, estar no digital \u00e9 mais do que uma estrat\u00e9gia para ganhar audi\u00eancia. \u00c9, tamb\u00e9m, um requisito para conectar toda a equipe. Segundo Camila, \u201ca escolha pela plataforma digital foi praticamente intuitiva. N\u00e3o ter\u00edamos outra maneira de reunir meninas de todo o Brasil, fora que a presen\u00e7a da Joana nas redes sociais j\u00e1 era bem forte. Al\u00e9m disso, acreditamos que o futuro da comunica\u00e7\u00e3o est\u00e1 no digital.\u201d<\/p>\n\n\n\n<p>Um dos maiores desafios para quem trabalha com comunica\u00e7\u00e3o no digital \u00e9 o combate \u00e0s fakes news. Quando o assunto \u00e9 jornalismo, ent\u00e3o, \u00e9 preciso intensificar a produ\u00e7\u00e3o de conte\u00fado voltada para a checagem de dados e informa\u00e7\u00f5es.<\/p>\n\n\n\n<p>\u201cO jornalismo das redes sociais ainda \u00e9 muito questionado e visto sem credibilidade. A gente tenta quebrar essa barreira, mas at\u00e9 os algoritmos n\u00e3o ajudam muito. Prezamos muito pela checagem de dados, de informa\u00e7\u00e3o, e que a nossa m\u00e1xima precisa ser falar sempre a verdade \u2013 ainda que n\u00e3o v\u00e1 ao encontro de nossas cren\u00e7as pessoais e pol\u00edticas. O jornalismo precisa ser dedo na ferida, precisa incomodar e questionar\u201d, ressalta Camila, ao responder sobre as dificuldades de fazer jornalismo no digital.<\/p>\n\n\n\n<p>Para resolver a dist\u00e2ncia entre as integrantes da equipe e a falta de um escrit\u00f3rio fixo, o Infoca tem v\u00e1rios grupos de mensagens. Por l\u00e1, as gurias trocam ideias de pautas e conversam sobre como cada assunto faz sentido com o perfil do p\u00fablico-alvo.<\/p>\n\n\n\n<p>\u201cTemos um grupo de sugest\u00e3o de pauta, onde as focas sugerem os temas, as reportagens, e outro de revis\u00e3o. Ao longo de todo o processo tentamos criar nelas esse senso de \u201c\u00e9 relevante? \u00c9 algo regional ou nacional? Faz sentido para a minha audi\u00eancia?\u201d \u2013 questionamentos que fazem parte da rotina de um jornalista nas reda\u00e7\u00f5es\u201d, explica Camila. Ela ainda acrescenta que o Infoca tem planos para criar incentivos de qualifica\u00e7\u00e3o profissional, para que estagi\u00e1rias tenham mais chances de conquistar um emprego efetivo.&nbsp;<\/p>\n\n\n\n<p>\u201cPara os pr\u00f3ximos meses, estamos estudando uma \u201cjornada do Infoca\u201d, em que as meninas v\u00e3o ter uma porta de entrada e sa\u00edda mais focada na profissionaliza\u00e7\u00e3o delas. Ao longo do \u00faltimo ano, notamos que muitas delas sentem falta da pr\u00e1tica, do contato com o mercado, e isso dificulta na hora de encontrar um est\u00e1gio. Nosso objetivo \u00e9 qualific\u00e1-las e fazer essa ponte\u201d, indica.<\/p>\n\n\n\n<p>Para finalizar, perguntamos para as gurias do Infoca qual dica elas podem compartilhar com quem est\u00e1 com medo de investir no digital. A resposta vai bem ao encontro do que j\u00e1 comentamos bastante na Fluir:&nbsp;&nbsp;<\/p>\n\n\n\n<p>\u201cIr sem medo. O digital proporciona in\u00fameras possibilidades e \u00e9 um eterno teste do \u201cd\u00e1 ou n\u00e3o d\u00e1 certo para mim\u201d. N\u00e3o existe uma receita do sucesso. Tenha em mente seus objetivos, cative o seu p\u00fablico, tenha cores e logos criativos que tornem seu conte\u00fado marcante. A tecnologia precisa ser sua aliada, mas n\u00e3o faz tudo sozinha\u201d, destacou Camila.&nbsp;<\/p>\n\n\n\n<p>Dica certeira, hein? Se tiv\u00e9ssemos que resumir um conselho para quem quer come\u00e7ar, dir\u00edamos para apostar no teu conhecimento e nas ferramentas que tu domina, sempre com um olhar voltado para as particularidades do teu nicho.<br><\/p>\n","protected":false},"excerpt":{"rendered":"<p>O que acontece quando duas jornalistas decidem empreender? No caso da Joana Treptow e da Camila Corsini, essa decis\u00e3o criou<span class=\"excerpt-hellip\"> [\u2026]<\/span><\/p>\n","protected":false},"author":1,"featured_media":789,"comment_status":"open","ping_status":"open","sticky":false,"template":"","format":"standard","meta":[],"categories":[7,4],"tags":[],"_links":{"self":[{"href":"https:\/\/vamosfluir.com.br\/site\/wp-json\/wp\/v2\/posts\/788"}],"collection":[{"href":"https:\/\/vamosfluir.com.br\/site\/wp-json\/wp\/v2\/posts"}],"about":[{"href":"https:\/\/vamosfluir.com.br\/site\/wp-json\/wp\/v2\/types\/post"}],"author":[{"embeddable":true,"href":"https:\/\/vamosfluir.com.br\/site\/wp-json\/wp\/v2\/users\/1"}],"replies":[{"embeddable":true,"href":"https:\/\/vamosfluir.com.br\/site\/wp-json\/wp\/v2\/comments?post=788"}],"version-history":[{"count":0,"href":"https:\/\/vamosfluir.com.br\/site\/wp-json\/wp\/v2\/posts\/788\/revisions"}],"wp:featuredmedia":[{"embeddable":true,"href":"https:\/\/vamosfluir.com.br\/site\/wp-json\/"}],"wp:attachment":[{"href":"https:\/\/vamosfluir.com.br\/site\/wp-json\/wp\/v2\/media?parent=788"}],"wp:term":[{"taxonomy":"category","embeddable":true,"href":"https:\/\/vamosfluir.com.br\/site\/wp-json\/wp\/v2\/categories?post=788"},{"taxonomy":"post_tag","embeddable":true,"href":"https:\/\/vamosfluir.com.br\/site\/wp-json\/wp\/v2\/tags?post=788"}],"curies":[{"name":"wp","href":"https:\/\/api.w.org\/{rel}","templated":true}]}}