{"id":784,"date":"2021-10-28T10:58:32","date_gmt":"2021-10-28T13:58:32","guid":{"rendered":"http:\/\/vamosfluir.com.br\/site\/?p=784"},"modified":"2021-10-28T10:58:32","modified_gmt":"2021-10-28T13:58:32","slug":"fluindo-com-a-terapeuta-holistica-rafa-boeckel","status":"publish","type":"post","link":"https:\/\/vamosfluir.com.br\/site\/fluindo-com-a-terapeuta-holistica-rafa-boeckel\/","title":{"rendered":"Fluindo com a terapeuta hol\u00edstica Rafa Boeckel"},"content":{"rendered":"\n<p>Sabe quando parece que estamos vivendo no modo autom\u00e1tico, sem pensar no prop\u00f3sito das nossas escolhas? Foi assim que Rafa Boeckel, do <a href=\"https:\/\/www.instagram.com\/rafaboeckel\/\">@rafaboeckel<\/a>, decidiu virar a chave e trabalhar como terapeuta energ\u00e9tica.\u00a0\u00a0<\/p>\n\n\n\n<p>Tudo come\u00e7ou depois que Rafa foi morar na Austr\u00e1lia. Chegando l\u00e1, ela descobriu que n\u00e3o estava vivendo da forma que queria. S\u00f3 depois de mergulhar em um processo de autoconhecimento, Rafa entendeu que o que a faz feliz \u00e9 lidar com a terapia energ\u00e9tica.&nbsp;<\/p>\n\n\n\n<p>Hoje, ela usa o Instagram como principal plataforma para atendimentos, vendas de cursos e relacionamento com os seguidores.<\/p>\n\n\n\n<p><strong>\u201c<\/strong>Ser terapeuta energ\u00e9tica nunca foi o meu objetivo. Eu vivia uma vida autom\u00e1tica, sem despertar interesse pelo autoconhecimento e sem nem saber direito no que eu acreditava. Quando fui morar na Austr\u00e1lia, percebi que viver de forma autom\u00e1tica estava me consumindo\u201d, conta. \u201cTive que aprender a me valorizar, a dar limites para o externo, a fazer novas escolhas e caminhos com o que verdadeiramente me faz bem. Trabalhar com terapias energ\u00e9ticas foi a consequ\u00eancia de seguir o meu cora\u00e7\u00e3o. Simplesmente fluiu e me encontrei de uma forma que nunca mais tive d\u00favidas e insatisfa\u00e7\u00f5es.\u201d<\/p>\n\n\n\n<p>Rafa come\u00e7ou a produzir conte\u00fado digital com o intuito de ficar mais pr\u00f3xima das pessoas. Segundo ela, a vida n\u00f4made faz com que o Instagram seja o centro de todas as conex\u00f5es, independentemente do lugar onde ela est\u00e1!<\/p>\n\n\n\n<p>\u201cO que me chamou para o digital foi assumir uma vida n\u00f4made, a import\u00e2ncia de manter conex\u00f5es independentemente de onde eu estivesse. Acredito que \u00e9 um grande meio de conex\u00f5es e super benef\u00edcio quando usado com consci\u00eancia.\u201d&nbsp;<\/p>\n\n\n\n<p>Ela tamb\u00e9m explica que, al\u00e9m de ser um canal de trabalho, a plataforma \u00e9 uma oportunidade de compartilhar mais sobre sua personalidade. Sobre isso, Rafa at\u00e9 brinca, dizendo que \u201cantes de virar terapeuta energ\u00e9tica, somente quem realmente me conhecia, me associava a um mundo m\u00edstico. Quem tinha contato de forma mais superficial, acredito que tenha sido um choque.\u201d<\/p>\n\n\n\n<p>O feed da Rafa \u00e9 bem humanizado. Ela costuma compartilhar experi\u00eancias pessoais, rituais e bastidores de cursos e eventos. E, claro, n\u00e3o podem faltar os conte\u00fados sobre cura energ\u00e9tica, relacionamento e autoconhecimento.<\/p>\n\n\n\n<p>\u201cA decis\u00e3o de usar meu perfil pessoal como uma plataforma de trabalho foi um movimento de empoderamento e autoconfian\u00e7a. Poder assumir meu estilo de vida e o meu produto, entendendo que isso tudo \u00e9 a Rafaela. E, com quem se identificar, eu estarei aberta a continuar compartilhando a jornada\u201d, comenta.<\/p>\n\n\n\n<p>Como fontes de criatividade para criar, ela cita duas inspira\u00e7\u00f5es: a natureza e o sil\u00eancio. \u201cMinha maior fonte de inspira\u00e7\u00e3o no dia a dia \u00e9 a natureza. Assim que sinto a vida, a abund\u00e2ncia e o pertencimento. J\u00e1 para o trabalho, minha maior fonte de inspira\u00e7\u00e3o \u00e9 o meu sil\u00eancio. A medita\u00e7\u00e3o e o olhar pra dentro me trazem respostas e entendimentos muito ricos para a jornada do autoconhecimento\u201d.<\/p>\n\n\n\n<p>Assim como a Rafa, n\u00f3s tamb\u00e9m acreditamos que os bastidores s\u00e3o fundamentais para humanizar qualquer marca. Por isso, aqui na Fluir, sempre ressaltamos a import\u00e2ncia de mostrar nosso rostinho nas redes e compartilhar um pouco mais do nosso conhecimento com a audi\u00eancia.&nbsp;<\/p>\n\n\n\n<p>Se tu ainda n\u00e3o tentou, comece aos poucos. Mostre mais do teu dia a dia, do que tu faz e dos servi\u00e7os que tu oferece. Temos certeza que isso vai ajudar a fortalecer o relacionamento com o teu p\u00fablico e deixar a tua marca \u00fanica!<br><\/p>\n","protected":false},"excerpt":{"rendered":"<p>Sabe quando parece que estamos vivendo no modo autom\u00e1tico, sem pensar no prop\u00f3sito das nossas escolhas? Foi assim que Rafa<span class=\"excerpt-hellip\"> [\u2026]<\/span><\/p>\n","protected":false},"author":1,"featured_media":785,"comment_status":"open","ping_status":"open","sticky":false,"template":"","format":"standard","meta":[],"categories":[7,4],"tags":[],"_links":{"self":[{"href":"https:\/\/vamosfluir.com.br\/site\/wp-json\/wp\/v2\/posts\/784"}],"collection":[{"href":"https:\/\/vamosfluir.com.br\/site\/wp-json\/wp\/v2\/posts"}],"about":[{"href":"https:\/\/vamosfluir.com.br\/site\/wp-json\/wp\/v2\/types\/post"}],"author":[{"embeddable":true,"href":"https:\/\/vamosfluir.com.br\/site\/wp-json\/wp\/v2\/users\/1"}],"replies":[{"embeddable":true,"href":"https:\/\/vamosfluir.com.br\/site\/wp-json\/wp\/v2\/comments?post=784"}],"version-history":[{"count":0,"href":"https:\/\/vamosfluir.com.br\/site\/wp-json\/wp\/v2\/posts\/784\/revisions"}],"wp:featuredmedia":[{"embeddable":true,"href":"https:\/\/vamosfluir.com.br\/site\/wp-json\/"}],"wp:attachment":[{"href":"https:\/\/vamosfluir.com.br\/site\/wp-json\/wp\/v2\/media?parent=784"}],"wp:term":[{"taxonomy":"category","embeddable":true,"href":"https:\/\/vamosfluir.com.br\/site\/wp-json\/wp\/v2\/categories?post=784"},{"taxonomy":"post_tag","embeddable":true,"href":"https:\/\/vamosfluir.com.br\/site\/wp-json\/wp\/v2\/tags?post=784"}],"curies":[{"name":"wp","href":"https:\/\/api.w.org\/{rel}","templated":true}]}}