{"id":780,"date":"2021-10-14T09:00:52","date_gmt":"2021-10-14T12:00:52","guid":{"rendered":"http:\/\/vamosfluir.com.br\/site\/?p=780"},"modified":"2021-10-14T09:00:52","modified_gmt":"2021-10-14T12:00:52","slug":"fluindo-com-a-influenciadora-rafa-knevitz","status":"publish","type":"post","link":"https:\/\/vamosfluir.com.br\/site\/fluindo-com-a-influenciadora-rafa-knevitz\/","title":{"rendered":"Fluindo com a influenciadora Rafa Knevitz"},"content":{"rendered":"\n<p>Tu j\u00e1 reparou que a discuss\u00e3o sobre sustentabilidade assumiu um novo status a partir das m\u00eddias sociais? Se antes essas pautas ficavam restritas ao editorial de ve\u00edculos de comunica\u00e7\u00e3o, hoje existem diversas formas de produzir conte\u00fados digitais que proponham uma reflex\u00e3o mais profunda sobre como podemos preservar o nosso planeta.<\/p>\n\n\n\n<p>\u00c9 com essa proposta que Rafaela Knevitz, estudante de Jornalismo e criadora de conte\u00fado, administra o seu perfil do Instagram <a href=\"https:\/\/www.instagram.com\/rafaknevitz\/\">@rafaknevitz<\/a>. Por l\u00e1, ela compartilha dicas sobre estilo, comportamento e autocuidado, sempre com um recorte voltado para alternativas mais sustent\u00e1veis.<\/p>\n\n\n\n<p>A ideia de falar sobre sustentabilidade e consumo consciente surgiu quando a Rafa ingressou na faculdade. Com o avan\u00e7o do curso, ela entendeu que poderia usar suas habilidades como comunicadora para fazer a diferen\u00e7a, criando conte\u00fados sobre assuntos que n\u00e3o costumam receber muita aten\u00e7\u00e3o.\u00a0<\/p>\n\n\n\n<p>Rafa tamb\u00e9m ponderou que muitas pessoas j\u00e1 associavam a imagem dela a h\u00e1bitos sustent\u00e1veis, o que facilitaria ainda mais a familiaridade do p\u00fablico com esse tipo de conte\u00fado.<\/p>\n\n\n\n<p>\u201cEstudando sobre comunica\u00e7\u00e3o, eu vi a vantagem em trabalhar com o digital. Al\u00e9m disso, percebi que as pessoas que me conheciam j\u00e1 me associavam a h\u00e1bitos sustent\u00e1veis. Isso porque me viam com meus canudos de inox, minhas ecobags, marmitas reutiliz\u00e1veis e at\u00e9 mesmo me sugerindo pratos sem carne.&nbsp; E quando veio a pandemia e eu segui em home office, eu pensei que seria o momento certo de eu me dedicar para isso. O que eu precisava eu j\u00e1 tinha: tempo e vontade\u201d, lembra. \u201cAos poucos, as pessoas foram me passando o feedback de que meu conte\u00fado era diferenciado e interessante. Com isso, eu consegui definir meu nicho e aprender com pessoas do mesmo meio.\u201d<\/p>\n\n\n\n<p>Para dar in\u00edcio ao projeto, Rafa disse que come\u00e7ou a seguir v\u00e1rios produtores de conte\u00fado. Com isso, ela aprendeu a estabelecer uma rotina de planejamento e ter mais const\u00e2ncia nas postagens. Mas, como tudo na internet muda muito r\u00e1pido, alguns assuntos acabaram ficando \u201cvelhos demais\u201d e, para n\u00e3o perder o <em>timing, <\/em>Rafa come\u00e7ou a colocar na balan\u00e7a o que valia a pena manter no cronograma e o que deveria entrar de um dia para o outro.<\/p>\n\n\n\n<p>\u201cLogo que comecei a criar conte\u00fado para o Insta, acompanhava v\u00e1rias pessoas falando sobre o planejamento para as redes, ent\u00e3o eu comecei a organizar calend\u00e1rios com temas. Por\u00e9m, com o tempo, eu percebi que meu conte\u00fado n\u00e3o era t\u00e3o factual, ficou muito engessado. Al\u00e9m disso, me faltava tempo para deixar tudo preparado. Passei a criar conte\u00fado conforme o felling. Quando eu encontro alguma refer\u00eancia interessante que pode agregar naquele momento para os seguidores, eu vou l\u00e1 e me preparo. Isso me fez aproveitar muito mais as trends e acompanhar as necessidades do p\u00fablico\u201d, ressalta.<\/p>\n\n\n\n<p>Uma dica de organiza\u00e7\u00e3o que funciona, segundo Rafa, \u00e9 ficar de olho nas not\u00edcias, porque as novidades podem render bons conte\u00fados de an\u00e1lise. \u201cAlgo que eu sempre fa\u00e7o e me ajuda muito no processo de cria\u00e7\u00e3o \u00e9 ler not\u00edcias que envolvam sustentabilidade, seja qual for o segmento. Al\u00e9m de me ajudar a realmente estar inserida no meio, me d\u00e1 muitas ideias. Eu anoto elas e em algum tempo livre do meu dia, desenvolvo algo com essas informa\u00e7\u00f5es, seja stories, cards ou v\u00eddeos.\u201d Por aqui, a gente tamb\u00e9m frisa a import\u00e2ncia de ficar de olho nos assuntos mais comentados da semana. Afinal, sempre acontece de aproveitarmos algum gancho para complementar a produ\u00e7\u00e3o.<\/p>\n\n\n\n<p>Para o Instagram, Rafa costuma apostar mais em v\u00eddeos. Se tu visitar o @ dela, vai reparar que um dos formatos mais presentes por l\u00e1 \u00e9 o reels, que costuma ser uma \u00f3tima ferramenta de entrega. Sobre o motivo da prefer\u00eancia, ela conta que considera uma boa forma de se expressar. \u201cEu consigo utilizar a minha linguagem mais informal para me aproximar das pessoas. Isso porque eu n\u00e3o sou uma profissional da \u00e1rea, tenho minhas limita\u00e7\u00f5es, ent\u00e3o com o v\u00eddeo eu consigo me expressar melhor sem envolver quest\u00f5es t\u00e9cnicas\u201d, explica.\u00a0<\/p>\n\n\n\n<p>Nessa plataforma, ela quer ampliar o leque de informa\u00e7\u00f5es sobre sustentabilidade, promovendo um debate mais amplo sobre a necessidade de repensarmos nossos h\u00e1bitos de consumo. \u201cAs redes sociais vieram para democratizar a informa\u00e7\u00e3o e tornar poss\u00edvel a conex\u00e3o com pessoas de diferentes realidades e em diversos lugares do mundo. Al\u00e9m disso, as mudan\u00e7as clim\u00e1ticas dos \u00faltimos tempos vem direcionando com mais for\u00e7a o debate em cima dos h\u00e1bitos de consumo, ent\u00e3o as pessoas passaram a ouvir mais sobre o assunto, demonstrando mais preocupa\u00e7\u00e3o\u201d, indica.<\/p>\n\n\n\n<p>E sobre as dificuldades em trabalhar com redes sociais? Assim como muitos criadores de conte\u00fado, Rafa tamb\u00e9m acredita que \u00e9 dif\u00edcil ter const\u00e2ncia. Por isso, \u00e0s vezes ela prefere priorizar um n\u00famero menor de postagens do que criar muitos materiais que n\u00e3o entregam tanto valor.<\/p>\n\n\n\n<p>\u201cEu fa\u00e7o faculdade e trabalho em outras empresas por fora, ent\u00e3o nem sempre eu consigo adequar a minha rotina com a cria\u00e7\u00e3o de conte\u00fado. Acaba que nos tornamos ref\u00e9ns de um algoritmo que nos cobra por sermos sempre criativos, mas essa n\u00e3o \u00e9 a realidade. Nem sempre h\u00e1 algo interessante para ser publicado! Sou do time que foca na qualidade e n\u00e3o na quantidade. \u00c9 uma pena que isso nos limite em crescer nas redes. Me cobrar para estar sempre presente s\u00f3 faz com que a qualidade dos meus conte\u00fados despenque e minha sa\u00fade mental tamb\u00e9m\u201d, relata.\u00a0<\/p>\n\n\n\n<p>Embora marcar presen\u00e7a seja decisivo para o crescimento das redes, produzir conte\u00fado de valor tamb\u00e9m \u00e9 uma pe\u00e7a-chave. Portanto, concordamos que \u00e9 melhor \u201csegurar\u201d um post do que postar algo que n\u00e3o esteja alinhado com o seu prop\u00f3sito.&nbsp;&nbsp;<\/p>\n\n\n\n<p>Para fechar nossa conversa, pedimos para Rafa compartilhar uma dica de criadora de conte\u00fado. E, olha, ela nos deu uma dica que est\u00e1 bem em alta!<\/p>\n\n\n\n<p>\u201cA minha dica \u00e9: use as trends como inspira\u00e7\u00e3o, mas n\u00e3o copie o que todo mundo est\u00e1 fazendo! H\u00e1 espa\u00e7o para todos, mas s\u00f3 se destaca quem tem um diferencial. E pra isso acontecer, \u00e9 preciso definir seu nicho, sua linguagem e quais seus objetivos na rede social que est\u00e1 usando\u201d, afirma.\u00a0<\/p>\n\n\n\n<p>Esse conselho vale para qualquer nicho, viu?<br><\/p>\n","protected":false},"excerpt":{"rendered":"<p>Tu j\u00e1 reparou que a discuss\u00e3o sobre sustentabilidade assumiu um novo status a partir das m\u00eddias sociais? Se antes essas<span class=\"excerpt-hellip\"> [\u2026]<\/span><\/p>\n","protected":false},"author":1,"featured_media":781,"comment_status":"open","ping_status":"open","sticky":false,"template":"","format":"standard","meta":[],"categories":[7,4],"tags":[],"_links":{"self":[{"href":"https:\/\/vamosfluir.com.br\/site\/wp-json\/wp\/v2\/posts\/780"}],"collection":[{"href":"https:\/\/vamosfluir.com.br\/site\/wp-json\/wp\/v2\/posts"}],"about":[{"href":"https:\/\/vamosfluir.com.br\/site\/wp-json\/wp\/v2\/types\/post"}],"author":[{"embeddable":true,"href":"https:\/\/vamosfluir.com.br\/site\/wp-json\/wp\/v2\/users\/1"}],"replies":[{"embeddable":true,"href":"https:\/\/vamosfluir.com.br\/site\/wp-json\/wp\/v2\/comments?post=780"}],"version-history":[{"count":0,"href":"https:\/\/vamosfluir.com.br\/site\/wp-json\/wp\/v2\/posts\/780\/revisions"}],"wp:featuredmedia":[{"embeddable":true,"href":"https:\/\/vamosfluir.com.br\/site\/wp-json\/"}],"wp:attachment":[{"href":"https:\/\/vamosfluir.com.br\/site\/wp-json\/wp\/v2\/media?parent=780"}],"wp:term":[{"taxonomy":"category","embeddable":true,"href":"https:\/\/vamosfluir.com.br\/site\/wp-json\/wp\/v2\/categories?post=780"},{"taxonomy":"post_tag","embeddable":true,"href":"https:\/\/vamosfluir.com.br\/site\/wp-json\/wp\/v2\/tags?post=780"}],"curies":[{"name":"wp","href":"https:\/\/api.w.org\/{rel}","templated":true}]}}