{"id":777,"date":"2021-10-07T09:00:54","date_gmt":"2021-10-07T12:00:54","guid":{"rendered":"http:\/\/vamosfluir.com.br\/site\/?p=777"},"modified":"2021-10-07T09:00:54","modified_gmt":"2021-10-07T12:00:54","slug":"fluindo-com-a-designer-de-joias-laura-grisci","status":"publish","type":"post","link":"https:\/\/vamosfluir.com.br\/site\/fluindo-com-a-designer-de-joias-laura-grisci\/","title":{"rendered":"Fluindo com a designer de joias Laura Grisci"},"content":{"rendered":"\n<p>Arte e design sempre foram paix\u00f5es presentes na vida da Laura Grisci, do <a href=\"https:\/\/www.instagram.com\/lauragrisciart\/\">@lauragrisciart<\/a>. Com muita sensibilidade, ela une a expertise de joalheira \u00e0s experi\u00eancias adquiridas na gradua\u00e7\u00e3o em Design de Produto para criar joias inspiradas em epis\u00f3dios marcantes da hist\u00f3ria da arte.<\/p>\n\n\n\n<p>Al\u00e9m de uma produ\u00e7\u00e3o de conte\u00fado caprichada e harm\u00f4nica, destacada pelo equil\u00edbrio de cores e elementos, Laura usa v\u00e1rias refer\u00eancias culturais para dar personalidade \u00e0 marca. Em seu feed no Instagram, encontramos brincos inspirados em \u201cDama com Arminho\u201d, de Leonardo da Vinci, pingentes de \u201cMo\u00e7a com o Brinco de P\u00e9rola\u201d, de Johannes Vermeer, e de \u201cO grito\u201d, de Edvard Munch.<\/p>\n\n\n\n<p>O sonho de ter o pr\u00f3prio neg\u00f3cio come\u00e7ou ainda na inf\u00e2ncia. Inspirada pela possibilidade de criar suas pr\u00f3prias pe\u00e7as, Laura deu in\u00edcio ao processo de fabrica\u00e7\u00e3o de joias aos 18 anos.<\/p>\n\n\n\n<p>\u201cMinha rela\u00e7\u00e3o com o design \u00e9 de longa data. Eu sempre amei criar e, desde crian\u00e7a, tinha o sonho de ter minha pr\u00f3pria marca. Com 17 anos iniciei minha gradua\u00e7\u00e3o em Design de Produto e com 18 anos meus estudos focados em joalheria. Ent\u00e3o, me apaixonei. J\u00e1 amava o design e me encantei, tamb\u00e9m, pelo processo de fabrica\u00e7\u00e3o. Ainda com 18, comecei a vender pe\u00e7as feitas por encomenda e divulgar meu trabalho nas redes sociais, trabalhando para ter meu pr\u00f3prio neg\u00f3cio\u201d, relembra.<\/p>\n\n\n\n<p>Com olhos voltados para o mercado internacional, a produ\u00e7\u00e3o na plataforma conta com um diferencial: todos os posts s\u00e3o legendados em portugu\u00eas e em ingl\u00eas! A estrat\u00e9gia de se comunicar com outros pa\u00edses deu certo. Hoje, Laura alcan\u00e7a seguidores dos Estados Unidos, da Inglaterra e da It\u00e1lia. \u201cEu sempre tive um sonho muito grande de tornar meu neg\u00f3cio internacional. Para mim, sempre foi muito natural criar conte\u00fado em portugu\u00eas e ingl\u00eas. Al\u00e9m de querer alcan\u00e7ar diferentes p\u00fablicos com as minhas cria\u00e7\u00f5es na joalheria, meu objetivo de trabalhar na \u00e1rea da ind\u00fastria cinematogr\u00e1fica, com design de figurinos, tamb\u00e9m me levou a criar v\u00e1rias conex\u00f5es fora do Brasil. Hoje em dia, meu p\u00fablico \u00e9 principalmente do Brasil, Estados Unidos, Inglaterra e It\u00e1lia, nessa ordem.\u201d<\/p>\n\n\n\n<p>Para montar sua vitrine digital, Laura utiliza o Instagram para vender e manter um portf\u00f3lio online. Por l\u00e1, ela mostra a rotina de produ\u00e7\u00e3o das pe\u00e7as, novidades, bastidores e muita arte!<\/p>\n\n\n\n<p>\u201cEu comecei a vender minhas joias diretamente pelo Instagram, atrav\u00e9s de encomendas, usando-o tanto como loja quanto como um portf\u00f3lio online. Percebi que seria a forma mais pr\u00e1tica de alcan\u00e7ar o meu p\u00fablico-alvo\u201d, explica. Ela ainda conta que faz toda a produ\u00e7\u00e3o de conte\u00fado sozinha e, para dar aquele up na est\u00e9tica, sempre recorre a aplicativos de edi\u00e7\u00e3o, como PicsArt.<\/p>\n\n\n\n<p>\u201cEu fa\u00e7o a produ\u00e7\u00e3o de conte\u00fado totalmente sozinha. Tento compartilhar um pouco da minha rotina de produ\u00e7\u00e3o, filmar os processos e realizar enquetes para entender melhor o que as pessoas querem mais ver. Quanto \u00e0s fotos, eu tamb\u00e9m fa\u00e7o tudo sozinha: styling, cenografia, fotografia e edi\u00e7\u00e3o! Inclusive, indico muito o app PicsArt para quem precisar editar. \u00c9 a minha principal ferramenta.\u201d \u00d3tima dica, hein?\u00a0<\/p>\n\n\n\n<p>Por ainda ter um pequeno neg\u00f3cio, Laura considera um desafio lidar com as atualiza\u00e7\u00f5es do algoritmo do Instagram. At\u00e9 porque, como sempre falamos por aqui, o algoritmo muda constantemente, o que pode desfavorecer boa parte dos usu\u00e1rios. Como principal dificuldade, ela relata a rotina corrida em rela\u00e7\u00e3o \u00e0s diversas fun\u00e7\u00f5es que ocupa: empreendedora, estudante e criadora de conte\u00fado.<\/p>\n\n\n\n<p>\u201cQuando tu tens um pequeno neg\u00f3cio, tu j\u00e1 trabalhas, no meu caso, com o processo de design, modelagem, fabrica\u00e7\u00e3o, marketing, gerenciamento dos servi\u00e7os terceirizados, atendimento ao cliente etc. E tem que trabalhar para manter um Instagram com uma comunidade ativa, conte\u00fado novo todos os dias. O triste \u00e9 que o algoritmo entrega o conte\u00fado para uma pequena por\u00e7\u00e3o das pessoas que j\u00e1 te seguem. Para algu\u00e9m que tem uma loja, \u00e9 como montar uma vitrine e colocar um tapume na frente. Seria incr\u00edvel se a plataforma mudasse a sua vis\u00e3o sobre como deve se dar a distribui\u00e7\u00e3o de conte\u00fado.\u201d<\/p>\n\n\n\n<p>Para ter sucesso na entrega do conte\u00fado, ela nos d\u00e1 uma dica certeira: const\u00e2ncia! E aqui vale ressaltar que a const\u00e2ncia vale tanto para novas contas quanto para quem j\u00e1 est\u00e1 no Instagram, t\u00e1?<\/p>\n\n\n\n<p>\u201cConsist\u00eancia \u00e9 essencial. Manter um fluxo semanal e at\u00e9 mesmo di\u00e1rio de posts e interagir com o teu p\u00fablico-alvo s\u00e3o necess\u00e1rios para a manuten\u00e7\u00e3o do neg\u00f3cio. \u00c9 importante trabalhar com todas as ferramentas disponibilizadas pela plataforma, como stories, publica\u00e7\u00f5es, reels &#8211; que est\u00e1 bemmm em alta agora -, IGTV\u201d, comenta.<\/p>\n\n\n\n<p>E que tal uma dica extra? A Laura tamb\u00e9m ressaltou a import\u00e2ncia de humanizar as pessoas que est\u00e3o nos bastidores de um neg\u00f3cio.<\/p>\n\n\n\n<p>\u201cOutro aspecto importante \u00e9 a humaniza\u00e7\u00e3o do conte\u00fado e da marca. Criar uma conex\u00e3o com os seguidores, permitir que eles conhe\u00e7am quem est\u00e1 por tr\u00e1s daquele conte\u00fado, \u00e9 essencial\u201d, finaliza.<\/p>\n","protected":false},"excerpt":{"rendered":"<p>Arte e design sempre foram paix\u00f5es presentes na vida da Laura Grisci, do @lauragrisciart. Com muita sensibilidade, ela une a<span class=\"excerpt-hellip\"> [\u2026]<\/span><\/p>\n","protected":false},"author":1,"featured_media":778,"comment_status":"open","ping_status":"open","sticky":false,"template":"","format":"standard","meta":[],"categories":[7,4],"tags":[],"_links":{"self":[{"href":"https:\/\/vamosfluir.com.br\/site\/wp-json\/wp\/v2\/posts\/777"}],"collection":[{"href":"https:\/\/vamosfluir.com.br\/site\/wp-json\/wp\/v2\/posts"}],"about":[{"href":"https:\/\/vamosfluir.com.br\/site\/wp-json\/wp\/v2\/types\/post"}],"author":[{"embeddable":true,"href":"https:\/\/vamosfluir.com.br\/site\/wp-json\/wp\/v2\/users\/1"}],"replies":[{"embeddable":true,"href":"https:\/\/vamosfluir.com.br\/site\/wp-json\/wp\/v2\/comments?post=777"}],"version-history":[{"count":0,"href":"https:\/\/vamosfluir.com.br\/site\/wp-json\/wp\/v2\/posts\/777\/revisions"}],"wp:featuredmedia":[{"embeddable":true,"href":"https:\/\/vamosfluir.com.br\/site\/wp-json\/"}],"wp:attachment":[{"href":"https:\/\/vamosfluir.com.br\/site\/wp-json\/wp\/v2\/media?parent=777"}],"wp:term":[{"taxonomy":"category","embeddable":true,"href":"https:\/\/vamosfluir.com.br\/site\/wp-json\/wp\/v2\/categories?post=777"},{"taxonomy":"post_tag","embeddable":true,"href":"https:\/\/vamosfluir.com.br\/site\/wp-json\/wp\/v2\/tags?post=777"}],"curies":[{"name":"wp","href":"https:\/\/api.w.org\/{rel}","templated":true}]}}