{"id":773,"date":"2021-09-30T11:03:10","date_gmt":"2021-09-30T14:03:10","guid":{"rendered":"http:\/\/vamosfluir.com.br\/site\/?p=773"},"modified":"2021-09-30T11:03:10","modified_gmt":"2021-09-30T14:03:10","slug":"fluindo-com-descomplique-meu-look","status":"publish","type":"post","link":"https:\/\/vamosfluir.com.br\/site\/fluindo-com-descomplique-meu-look\/","title":{"rendered":"Fluindo com Descomplique Meu Look"},"content":{"rendered":"\n<p>Tu j\u00e1 sentiu inseguran\u00e7a ao falar de moda? \u00c0s vezes, parece que apenas algumas pessoas t\u00eam propriedade para opinar sobre um assunto que \u00e9 t\u00e3o presente e determinante na constru\u00e7\u00e3o de quem somos, n\u00e9?<\/p>\n\n\n\n<p>Embora pare\u00e7a bem longe da nossa realidade, vivemos a ess\u00eancia da moda todos os dias ao escolhermos nossas roupas e acess\u00f3rios. Afinal, estamos falando de elementos que refletem personalidade.<\/p>\n\n\n\n<p>Pensando nisso, convidamos a Amanda Cecere, do @descompliquemeulook, para falar sobre como podemos ressignificar a moda a partir de escolhas di\u00e1rias, uma das premissas norteadoras do Instagram dela.\u00a0<\/p>\n\n\n\n<p>Para come\u00e7ar, Amanda nos contou que criou o Descomplique com o objetivo de empoderar mulheres. Por l\u00e1, ela compartilha muito conte\u00fado para desmistificar a vis\u00e3o distorcida da moda como um comportamento f\u00fatil.<\/p>\n\n\n\n<p>Segundo Amanda, o principal incentivo para come\u00e7ar a plataforma foi &#8220;perceber o quanto a moda \u00e9 uma ferramenta muito importante de autotransforma\u00e7\u00e3o e express\u00e3o para n\u00f3s, mulheres.\u201d &#8220;Por\u00e9m, vemos a moda sendo explorada com muita superficialidade nas redes sociais, o que gera uma vis\u00e3o associada \u00e0 futilidade, o que n\u00e3o \u00e9 verdade. A moda est\u00e1 a\u00ed para nos servir, e n\u00e3o o contr\u00e1rio. O ato de vestir nos empodera, eleva nossa autoestima e nos deixa mais seguras&#8221;, ressalta.\u00a0<\/p>\n\n\n\n<p>No Instagram, ela gosta de manter uma linguagem mais did\u00e1tica, ao mesmo tempo que pr\u00f3xima da audi\u00eancia. Para criar as postagens, procura usar todas as vantagens visuais oferecidas pelos carross\u00e9is.<\/p>\n\n\n\n<p>&#8220;Eu gosto de explorar carross\u00e9is com conte\u00fado bem did\u00e1tico, \u00e9 meu formato de conte\u00fado preferido&#8221;, explica. Outro pilar de conte\u00fado que \u00e9 um queridinho da Amanda \u00e9 o Descomplique Talks, quadro idealizado no formato live. Para realiz\u00e1-lo, ela tamb\u00e9m precisou aprender a lidar com a autocr\u00edtica. &#8220;Quando iniciei, ficava o dia inteiro tensa, nervosa com o ao vivo. Agora estou tomando gosto pela coisa&#8221;, admite.<\/p>\n\n\n\n<p>&#8220;Esse foi meu maior desafio associado \u00e0 minha autocr\u00edtica. Nunca estava bom o suficiente. Aprendi nessa jornada que precisamos agir, o famoso \u201co feito \u00e9 melhor que o perfeito&#8221;. Com a pr\u00e1tica, vamos adquirindo seguran\u00e7a e tudo vai fluindo. \u00c9 bacana pensar que seu \u00faltimo v\u00eddeo sempre ser\u00e1 pior que o pr\u00f3ximo e melhor que o anterior. Al\u00e9m disso, \u00e9 melhor come\u00e7ar com um v\u00eddeo &#8220;ruim\u201d do que nunca fazer.&#8221;\u00a0<\/p>\n\n\n\n<p>Sobre as lives, Amanda diz que sente que o formato ajuda na maneira como ela entrega conte\u00fado de valor ao p\u00fablico. Al\u00e9m disso, ela encara as transmiss\u00f5es como um importante canal de relacionamento com os seguidores.<\/p>\n\n\n\n<p>&#8220;Eu colho frutos que, para mim, s\u00e3o muito importantes: trazer conte\u00fados relevantes e que despertam o interesse da minha audi\u00eancia, entret\u00ea-los. Isso \u00e9 o que mais importa.&#8221;<\/p>\n\n\n\n<p>Na parte de cria\u00e7\u00e3o de conte\u00fado, Amanda nos deu aquela dica valiosa que sempre comentamos na Fluir: anotar ideias \u00e9 fundamental para n\u00e3o deixar nada passar em branco!<\/p>\n\n\n\n<p>&#8220;Uma boa dica para compartilhar com quem cria conte\u00fados \u00e9 estar sempre atento. Os insights criativos aparecem de lugares ou momentos que a gente nunca imagina&#8221;, aponta.\u00a0<\/p>\n\n\n\n<p>Ela ainda frisou a necessidade de manter a organiza\u00e7\u00e3o &#8211; embora desafiadora, como a pr\u00f3pria define &#8211; de um cronograma de postagens. &#8220;Minha meta de vida \u00e9 ter 30 posts programados sempre na frente, mas um dia chego l\u00e1.\u201d E se tu tamb\u00e9m tem dificuldade para fazer o planejamento de conte\u00fado, aqui vai uma #dicafluir: liste os assuntos que s\u00e3o fundamentais para a tua audi\u00eancia e estabele\u00e7a recortes do tema. Um insight legal para ter ideias \u00e9 olhar ferramentas que indicam os termos mais pesquisados sobre o teu nicho, como o Google Trends.<\/p>\n\n\n\n<p>Para finalizar, Amanda compartilhou que sua maior inspira\u00e7\u00e3o como criadora de conte\u00fado \u00e9 mostrar como a moda pode ser usada para gerar bem-estar e confian\u00e7a.\u00a0<\/p>\n\n\n\n<p>&#8220;Eu j\u00e1 fui uma pessoa que tinha muita inseguran\u00e7a em ser quem eu sou atrav\u00e9s do que eu visto. Me conhecer e me vestir de quem eu sou foi muito transformador, mudou tudo na minha vida. Atrav\u00e9s da minha experi\u00eancia, t\u00e9cnicas e estrat\u00e9gias, quero ajudar mulheres a passar por essa mesma transforma\u00e7\u00e3o, empoderando-as para serem quem elas desejam ser, trazendo \u00e0 tona a marca pessoal \u00fanica e aut\u00eantica delas.&#8221;<\/p>\n","protected":false},"excerpt":{"rendered":"<p>Tu j\u00e1 sentiu inseguran\u00e7a ao falar de moda? \u00c0s vezes, parece que apenas algumas pessoas t\u00eam propriedade para opinar sobre<span class=\"excerpt-hellip\"> [\u2026]<\/span><\/p>\n","protected":false},"author":1,"featured_media":774,"comment_status":"open","ping_status":"open","sticky":false,"template":"","format":"standard","meta":[],"categories":[7,4],"tags":[],"_links":{"self":[{"href":"https:\/\/vamosfluir.com.br\/site\/wp-json\/wp\/v2\/posts\/773"}],"collection":[{"href":"https:\/\/vamosfluir.com.br\/site\/wp-json\/wp\/v2\/posts"}],"about":[{"href":"https:\/\/vamosfluir.com.br\/site\/wp-json\/wp\/v2\/types\/post"}],"author":[{"embeddable":true,"href":"https:\/\/vamosfluir.com.br\/site\/wp-json\/wp\/v2\/users\/1"}],"replies":[{"embeddable":true,"href":"https:\/\/vamosfluir.com.br\/site\/wp-json\/wp\/v2\/comments?post=773"}],"version-history":[{"count":0,"href":"https:\/\/vamosfluir.com.br\/site\/wp-json\/wp\/v2\/posts\/773\/revisions"}],"wp:featuredmedia":[{"embeddable":true,"href":"https:\/\/vamosfluir.com.br\/site\/wp-json\/"}],"wp:attachment":[{"href":"https:\/\/vamosfluir.com.br\/site\/wp-json\/wp\/v2\/media?parent=773"}],"wp:term":[{"taxonomy":"category","embeddable":true,"href":"https:\/\/vamosfluir.com.br\/site\/wp-json\/wp\/v2\/categories?post=773"},{"taxonomy":"post_tag","embeddable":true,"href":"https:\/\/vamosfluir.com.br\/site\/wp-json\/wp\/v2\/tags?post=773"}],"curies":[{"name":"wp","href":"https:\/\/api.w.org\/{rel}","templated":true}]}}