{"id":769,"date":"2021-09-23T09:20:31","date_gmt":"2021-09-23T12:20:31","guid":{"rendered":"http:\/\/vamosfluir.com.br\/site\/?p=769"},"modified":"2021-09-23T09:20:31","modified_gmt":"2021-09-23T12:20:31","slug":"fluindo-com-a-empreendedora-e-ceo-da-qualiaudio-bruna-salazar","status":"publish","type":"post","link":"https:\/\/vamosfluir.com.br\/site\/fluindo-com-a-empreendedora-e-ceo-da-qualiaudio-bruna-salazar\/","title":{"rendered":"Fluindo com a empreendedora e CEO da QualiAudio Bruna Salazar"},"content":{"rendered":"\n<p>Quando tu te v\u00ea desejando ter maior autonomia, tomar as pr\u00f3prias decis\u00f5es e seguir o trajeto que deseja, o empreendedorismo surge como uma baita alternativa para isso!<\/p>\n\n\n\n<p>E ningu\u00e9m melhor para falar desse tema do que a empres\u00e1ria e gestora @salazarbru! Ela \u00e9 CEO de uma empresa e co-fundadora de outras duas, o que prova que a convidada especial desse \u201cFluindo com\u201d \u00e9 refer\u00eancia no assunto!<\/p>\n\n\n\n<p>Como mencionado, ela \u00e9 CEO de uma super empresa, em Porto Alegre, e nos contou que o processo at\u00e9 chegar nesse cargo foi bem longo, afirmando que nem sempre foi seu desejo, j\u00e1 que come\u00e7ou na medicina!<\/p>\n\n\n\n<p>\u201cO in\u00edcio da minha vida profissional \u00e9 um tanto quanto contradit\u00f3ria, eu fazia cursinho pra medicina e h\u00e1 tr\u00eas anos eu tentava vestibular pra esse curso. At\u00e9 que um belo dia eu decidi que queria fazer parte do mundo business com viagens a trabalho e etc, essa rotina do empreendedorismo me encantou em um primeiro momento mas como a \u00e1rea da sa\u00fade tinha um espa\u00e7o importante pra mim, eu consegui aliar o \u00fatil ao agrad\u00e1vel, me formando em fonoaudiologia e trabalhando em uma empresa B2B de sa\u00fade. Eu poderia dizer que eu sempre quis sim atingir um cargo C level, mesmo antes de saber o que isso realmente significava, mas como sou e sempre fui muito competitiva sempre miro no lugar mais alto e mais desafiador a ser alcan\u00e7ado. Claro que at\u00e9 chegar nesse meu cargo atual, foi uma estrada, um caminho cheio de aprendizados, aprendi a gerir e liderar pessoas, passei pela ger\u00eancia e s\u00f3 depois disso me tornei CEO.\u201d<\/p>\n\n\n\n<p>Se ser CEO n\u00e3o estava nos planos dela, como ser\u00e1 que foi a decis\u00e3o de come\u00e7ar a empreender? Ser\u00e1 que ela necessitou de algum acontecimento especial?<\/p>\n\n\n\n<p>\u201cDurante a minha vida profissional eu me encontrei e me reconheci como empreendedora durante a trajet\u00f3ria. Eu canalizei a minha vontade e instinto de liderar pra isso, pra liderar neg\u00f3cios. Apesar de todos os obst\u00e1culos dessa escolha, eu me dei conta que eu me sinto confort\u00e1vel em, de certa forma, \u201ccontrolar\u201d o processo, as decis\u00f5es em busca dos melhores resultados, caso algo n\u00e3o esteja dando certo, poder ter autonomia para mudar o trajeto com rapidez \u00e9 o que mais me encanta.\u201d<\/p>\n\n\n\n<p>A vontade de liderar neg\u00f3cios surgiu durante a sua trajet\u00f3ria, juntamente com a necessidade de estar presente de forma efetiva como pessoa f\u00edsica nas redes sociais. A Bruna nos contou que come\u00e7ou a investir nas redes durante a pandemia:\u00a0<\/p>\n\n\n\n<p>\u201cFoi durante a pandemia que eu tomei essa decis\u00e3o, o digital j\u00e1 era bem presente na Qualiaudio mas eu n\u00e3o aparecia nem nas redes da empresa e muito menos nas minhas pessoais. Por\u00e9m, meu gatilho pessoal pra presen\u00e7a digital foi o Covid. Acabou tudo que era presencial, que eram os meus maiores momentos de relacionamento com clientes e relacionamento geral e a\u00ed eu me dei conta que a minha presen\u00e7a digital n\u00e3o me representava. Isso precisava mudar, pois muitos clientes e pessoas, mesmo que precisassem entrar em contato comigo, seria como entrar em contato com um desconhecido, n\u00e3o conseguiriam informa\u00e7\u00f5es importantes sobre mim, foi a\u00ed que tudo mudou! E foi uma grata surpresa, que deixar a vergonha de lado vale muito a pena! \u00c9 poss\u00edvel criar rela\u00e7\u00f5es fortes no digital e o networking \u00e9 super eficaz! A partir da presen\u00e7a maior nas redes sociais, colocando a minha cara para representar as bandeiras que eu levanto, v\u00e1rias parcerias surgiram, tive contato com pessoas de v\u00e1rios lugares do mundo, provavelmente com o presencial esse tipo de contato e tratativa nem teria sido poss\u00edvel.\u201d<\/p>\n\n\n\n<p>Com as respostas que a Bruna nos deu e com seu \u00eaxito e sua dedica\u00e7\u00e3o nas redes sociais, d\u00e1 para ver que ela \u00e9 uma empreendedora de sucesso! Por isso, perguntamos a ela o que \u00e9 preciso para isso?<\/p>\n\n\n\n<p>\u201cCoragem! Essa \u00e9 certeza! Ter coragem de se arriscar, de errar, de mudar o trajeto quantas vezes forem necess\u00e1rias! Ter coragem garante que tu vai fazer o que for preciso para entregar o teu melhor e \u00e9 isso que garante o sucesso dos neg\u00f3cios, aliado a um prop\u00f3sito genu\u00edno.\u201d<\/p>\n\n\n\n<p>Al\u00e9m disso, tamb\u00e9m pedimos uma dica para aqueles que t\u00eam o desejo de tirar o sonho do papel:\u00a0<\/p>\n\n\n\n<p>\u201cArriscar dar o primeiro passo! A vida envolve trabalho, ent\u00e3o por que n\u00e3o trabalhar em um neg\u00f3cio teu, que tu acredite de verdade?!\u201d<\/p>\n\n\n\n<p>Imposs\u00edvel conhecer os conte\u00fados dela e n\u00e3o ficar encantado! Uma mulher de sucesso dessas n\u00e3o tem como: \u00e9 admira\u00e7\u00e3o pelo trabalho na certa!<\/p>\n","protected":false},"excerpt":{"rendered":"<p>Quando tu te v\u00ea desejando ter maior autonomia, tomar as pr\u00f3prias decis\u00f5es e seguir o trajeto que deseja, o empreendedorismo<span class=\"excerpt-hellip\"> [\u2026]<\/span><\/p>\n","protected":false},"author":1,"featured_media":770,"comment_status":"open","ping_status":"open","sticky":false,"template":"","format":"standard","meta":[],"categories":[7,4],"tags":[],"_links":{"self":[{"href":"https:\/\/vamosfluir.com.br\/site\/wp-json\/wp\/v2\/posts\/769"}],"collection":[{"href":"https:\/\/vamosfluir.com.br\/site\/wp-json\/wp\/v2\/posts"}],"about":[{"href":"https:\/\/vamosfluir.com.br\/site\/wp-json\/wp\/v2\/types\/post"}],"author":[{"embeddable":true,"href":"https:\/\/vamosfluir.com.br\/site\/wp-json\/wp\/v2\/users\/1"}],"replies":[{"embeddable":true,"href":"https:\/\/vamosfluir.com.br\/site\/wp-json\/wp\/v2\/comments?post=769"}],"version-history":[{"count":0,"href":"https:\/\/vamosfluir.com.br\/site\/wp-json\/wp\/v2\/posts\/769\/revisions"}],"wp:featuredmedia":[{"embeddable":true,"href":"https:\/\/vamosfluir.com.br\/site\/wp-json\/"}],"wp:attachment":[{"href":"https:\/\/vamosfluir.com.br\/site\/wp-json\/wp\/v2\/media?parent=769"}],"wp:term":[{"taxonomy":"category","embeddable":true,"href":"https:\/\/vamosfluir.com.br\/site\/wp-json\/wp\/v2\/categories?post=769"},{"taxonomy":"post_tag","embeddable":true,"href":"https:\/\/vamosfluir.com.br\/site\/wp-json\/wp\/v2\/tags?post=769"}],"curies":[{"name":"wp","href":"https:\/\/api.w.org\/{rel}","templated":true}]}}