{"id":762,"date":"2021-09-09T08:17:22","date_gmt":"2021-09-09T11:17:22","guid":{"rendered":"http:\/\/vamosfluir.com.br\/site\/?p=762"},"modified":"2021-09-09T08:17:22","modified_gmt":"2021-09-09T11:17:22","slug":"fluindo-com-a-marca-berga","status":"publish","type":"post","link":"https:\/\/vamosfluir.com.br\/site\/fluindo-com-a-marca-berga\/","title":{"rendered":"Fluindo com a marca B\u00earga"},"content":{"rendered":"\n<p>Tu j\u00e1 pensou em vestir aquilo que tu acredita? Ou ent\u00e3o quem sabe vestir a mudan\u00e7a?<\/p>\n\n\n\n<p>Se ficou na d\u00favida sobre o que estamos falando, deve ser porque tu ainda n\u00e3o conhece a <a href=\"https:\/\/www.instagram.com\/bergatees\/\">@bergatees<\/a>!<\/p>\n\n\n\n<p>Para esse \u201cFluindo com\u201d, convidamos a J\u00falia, dona dessa marca perfeita de roupas, que traz aqueles looks que revolucionam de maneira criativa! E claro que nossa primeira curiosidade foi em rela\u00e7\u00e3o ao nome da marca ser &#8220;B\u00earga&#8221;! Ela nos contou:<\/p>\n\n\n\n<p>\u201cB\u00earga vem de bergamota, que \u00e9 uma fruta cheirosa, colorida e com uma carga nost\u00e1lgica pra muita gente aqui do sul. A ideia veio porque uma pessoa muito querida a mim tem a bergamota como s\u00edmbolo de momentos especiais da inf\u00e2ncia e sempre que algu\u00e9m descasca a fruta, sente aquele cheirinho marcante e lembra desses bons momentos. Quis trazer essa hist\u00f3ria pra dentro da B\u00earga, porque a ideia sempre foi ser uma marca muito afetiva, alegre e pr\u00f3xima das pessoas.\u201d<\/p>\n\n\n\n<p>Com toda essa criatividade, o Instagram da marca reflete com facilidade esses valores citados: o afeto, a alegria e a proximidade das pessoas! Afinal, o feed da B\u00earga impressiona com uma combina\u00e7\u00e3o que traduz os valores citados.<\/p>\n\n\n\n<p>Mas como ser\u00e1 que \u00e9 esse processo criativo da Berga, tanto na quest\u00e3o de produ\u00e7\u00e3o das roupas quanto nos posts criativos para o Instagram?<\/p>\n\n\n\n<p>\u201cGosto de estar em contato com refer\u00eancias no \u00e2mbito visual (Pinterest, TikTok, Behance, livros, etc), mas tamb\u00e9m na esfera do que est\u00e1 sendo tratado pelas pessoas no momento. A maior inspira\u00e7\u00e3o da B\u00earga s\u00e3o, afinal, as causas sociais e a ideia de poder vestir o que acredita. Por isso, para mim, \u00e9 muito importante estar sabendo o que est\u00e1 acontecendo no mundo, n\u00e3o s\u00f3 como criadora, mas como pessoa, al\u00e9m de poder divulgar e disseminar essas quest\u00f5es. Tamb\u00e9m fico em contato com o p\u00fablico da B\u00earga, discuto esses temas e fico sempre aberta a sugest\u00f5es e ideias. Como fico tanto tempo cultivando o que pretendo fazer (\u00e0s vezes, por tempo demais), quando de fato paro para criar, layoutar e desenhar, a ideia vem naturalmente e \u00e0s vezes fica pronta bem r\u00e1pido.\u201d<\/p>\n\n\n\n<p>Com essa resposta, ficamos curiosas para saber qual \u00e9 a estampa favorita criada por ela!<\/p>\n\n\n\n<p>\u201cMinha favorita \u00e9 a Bookshop, tanto pelo desenho, quanto pelo tema e pela hist\u00f3ria dela. Gosto muito de camisetas com um detalhe no canto na parte frontal e algum desenho maior nas costas, mas essa \u00e9 especial por ter sido a primeira a ter &#8220;B\u00earga&#8221; escrito na pr\u00f3pria estampa. Fiquei muito nervosa de lan\u00e7\u00e1-la porque n\u00e3o sabia se as pessoas j\u00e1 estariam dispostas a andar com o nome da marca literalmente no peito, mas deu muito certo! Depois de postar as estampas e enquanto chegavam as mensagens, eu pulava de felicidade, porque foi logo essa que mais vendeu nas primeiras horas de cole\u00e7\u00e3o. O desenho tamb\u00e9m simboliza um assunto muito querido a mim e \u00e0s pessoas que seguem a B\u00earga, que \u00e9 a literatura, o apoio \u00e0s livrarias de rua e a dissemina\u00e7\u00e3o da paix\u00e3o pela leitura. Al\u00e9m disso, \u00e9 muito legal quando me solto mais nas cria\u00e7\u00f5es e desenho de forma mais livre.\u201d<\/p>\n\n\n\n<p>Soltar a imagina\u00e7\u00e3o nas cria\u00e7\u00f5es \u00e9 com a B\u00earga mesmo, e podemos notar isso no perfil visualmente agrad\u00e1vel da marca no Instagram, que segue assim desde seu in\u00edcio nas m\u00eddias. Ser\u00e1 que esse fator era uma prioridade ou foi algo que acabou se tornando importante?<\/p>\n\n\n\n<p>\u201cAcho que sempre tive a quest\u00e3o est\u00e9tica em mente, mas ainda n\u00e3o tinha a capacidade t\u00e9cnica e o conhecimento para aplicar na marca. Hoje, j\u00e1 formada em Publicidade e Propaganda e depois de muito treinar, construir repert\u00f3rio e pesquisar refer\u00eancias, consigo transmitir esse cuidado est\u00e9tico para o feed. Mas com certeza penso muito mais em quest\u00f5es como composi\u00e7\u00e3o, fotos e conte\u00fado agora do que h\u00e1 tr\u00eas anos, quando comecei a B\u00earga.\u201d<\/p>\n\n\n\n<p>O cuidado est\u00e9tico que a J\u00falia d\u00e1 para a marca fica aparente em suas postagens, afinal, ela entende o papel das redes sociais para o seu crescimento. Ela comenta:<\/p>\n\n\n\n<p>\u201c\u00c9 um papel imenso e essencial. O Instagram, obviamente, \u00e9 a rede social mais importante para a B\u00earga no momento. Al\u00e9m de ser um canal de vendas, o p\u00fablico sempre est\u00e1 muito dispon\u00edvel para consumir e interagir com o conte\u00fado. H\u00e1 posts compartilh\u00e1veis que s\u00e3o espalhados por stories de pessoas que nem seguem a conta, o que d\u00e1 muito espa\u00e7o para atingir novas pessoas e crescer a base de seguidores e f\u00e3s da marca. S\u00f3 para ilustrar a import\u00e2ncia das redes em geral: at\u00e9 o projeto da identidade visual da B\u00earga no Behance e no Pinterest leva as pessoas para conhecerem a marca diariamente! Acho essa conex\u00e3o fascinante e pode ser muito bem explorada.\u201d<\/p>\n\n\n\n<p>Na produ\u00e7\u00e3o de conte\u00fado para essa rede, a dona nos contou que a ferramenta do Instagram que ela mais gosta de explorar \u00e9 o card do feed!<\/p>\n\n\n\n<p>\u201cApesar do Instagram estar inclinando para favorecer os v\u00eddeos, ainda sou muito f\u00e3 dos cards de feed! Meu tipo favorito de fazer s\u00e3o os carross\u00e9is falando sobre algum assunto do interesse do meu p\u00fablico e deixando o conte\u00fado mais palat\u00e1vel com textos divertidos e um design leve, mas impactante. Geralmente insiro na capa ou no \u00faltimo post alguma frase ou ilustra\u00e7\u00e3o que d\u00ea vontade de compartilhar, para que o conte\u00fado se espalhe pelos stories das pessoas. Os pr\u00f3prios stories tamb\u00e9m s\u00e3o uma ferramenta muito importante de conex\u00e3o com o p\u00fablico e a forma mais divertida, leve e simples de se conectar diariamente com as pessoas \u2013 com quizzes, caixinhas de pergunta, jogos, etc. \u00c9 a ferramenta que d\u00e1 o maior leque de op\u00e7\u00f5es para criar e interagir, mas tamb\u00e9m \u00e9 a que mais cobra const\u00e2ncia e tempo.\u201d<\/p>\n\n\n\n<p>Mas todo esse processo para formar a marca tamb\u00e9m trouxe desafios! Questionamos sobre qual \u00e9 o maior desafio de ter uma marca de vestu\u00e1rio nas redes sociais.<\/p>\n\n\n\n<p>\u201cUma marca de vestu\u00e1rio j\u00e1 tem dificuldades, mas a B\u00earga, que d\u00e1 a possibilidade de personalizar as cores e fazer sob encomenda, tem algumas bem espec\u00edficas! \u00c9 muito comum que as pessoas n\u00e3o queiram esperar para tirar as medidas antes de pedir, o que acaba gerando trocas, retrabalho e produ\u00e7\u00e3o em excesso, que \u00e9 algo que a B\u00earga \u00e9 muito contra. \u00c9 algo que sempre preciso pontuar no atendimento, facilitar o acesso \u00e0s informa\u00e7\u00f5es e fazer posts relembrando a import\u00e2ncia.\u201d<\/p>\n\n\n\n<p>Ou seja, uma marca que entende a import\u00e2ncia de facilitar o acesso \u00e0s informa\u00e7\u00f5es tem tudo para arrasar com os clientes, juntamente com muita criatividade em toda sua produ\u00e7\u00e3o. Por isso, tivemos que pedir uma dica para aqueles que desejam come\u00e7ar no Instagram!<\/p>\n\n\n\n<p>\u201cMuito mais do que simplesmente criar a conta no Instagram e come\u00e7ar a postar sem muito planejamento, tire um tempo antes disso para pensar em como quer se comunicar e o que quer comunicar. Fa\u00e7a uma pesquisa de refer\u00eancias visuais e comece a seguir contas de designers, empreendedores, marcas e criadores de conte\u00fado de diversos ramos. Com isso, voc\u00ea estar\u00e1 imerso em muita inspira\u00e7\u00e3o e vai come\u00e7ar a compreender melhor qual linha editorial, estilo visual e verbal quer seguir. Mais que tudo, seja genu\u00edno no que quer transmitir, porque as pessoas percebem muito o que \u00e9 aut\u00eantico e o que n\u00e3o \u00e9.\u201d<\/p>\n\n\n\n<p>E a\u00ed, pronto para vestir a diferen\u00e7a dessa marca incr\u00edvel?<br><\/p>\n","protected":false},"excerpt":{"rendered":"<p>Tu j\u00e1 pensou em vestir aquilo que tu acredita? Ou ent\u00e3o quem sabe vestir a mudan\u00e7a? Se ficou na d\u00favida<span class=\"excerpt-hellip\"> [\u2026]<\/span><\/p>\n","protected":false},"author":1,"featured_media":763,"comment_status":"open","ping_status":"open","sticky":false,"template":"","format":"standard","meta":[],"categories":[7,4],"tags":[],"_links":{"self":[{"href":"https:\/\/vamosfluir.com.br\/site\/wp-json\/wp\/v2\/posts\/762"}],"collection":[{"href":"https:\/\/vamosfluir.com.br\/site\/wp-json\/wp\/v2\/posts"}],"about":[{"href":"https:\/\/vamosfluir.com.br\/site\/wp-json\/wp\/v2\/types\/post"}],"author":[{"embeddable":true,"href":"https:\/\/vamosfluir.com.br\/site\/wp-json\/wp\/v2\/users\/1"}],"replies":[{"embeddable":true,"href":"https:\/\/vamosfluir.com.br\/site\/wp-json\/wp\/v2\/comments?post=762"}],"version-history":[{"count":0,"href":"https:\/\/vamosfluir.com.br\/site\/wp-json\/wp\/v2\/posts\/762\/revisions"}],"wp:featuredmedia":[{"embeddable":true,"href":"https:\/\/vamosfluir.com.br\/site\/wp-json\/"}],"wp:attachment":[{"href":"https:\/\/vamosfluir.com.br\/site\/wp-json\/wp\/v2\/media?parent=762"}],"wp:term":[{"taxonomy":"category","embeddable":true,"href":"https:\/\/vamosfluir.com.br\/site\/wp-json\/wp\/v2\/categories?post=762"},{"taxonomy":"post_tag","embeddable":true,"href":"https:\/\/vamosfluir.com.br\/site\/wp-json\/wp\/v2\/tags?post=762"}],"curies":[{"name":"wp","href":"https:\/\/api.w.org\/{rel}","templated":true}]}}