{"id":755,"date":"2021-08-26T09:55:42","date_gmt":"2021-08-26T12:55:42","guid":{"rendered":"http:\/\/vamosfluir.com.br\/site\/?p=755"},"modified":"2021-08-26T09:55:42","modified_gmt":"2021-08-26T12:55:42","slug":"fluindo-com-a-professora-de-danca-bruna-leao","status":"publish","type":"post","link":"https:\/\/vamosfluir.com.br\/site\/fluindo-com-a-professora-de-danca-bruna-leao\/","title":{"rendered":"Fluindo com a professora de dan\u00e7a Bruna Le\u00e3o"},"content":{"rendered":"\n<p>Tu j\u00e1 ouviu falar em Evolu\u00e7\u00e3o Criativa?<\/p>\n\n\n\n<p>Ser incentivado a confiar mais em ti e nos teus projetos se torna uma tarefa mais f\u00e1cil com a <a href=\"https:\/\/www.instagram.com\/brunaleao\/\">@brunaleao<\/a>, convidada dessa semana que arrasa em seus projetos e nos conte\u00fados para o Instagram!<\/p>\n\n\n\n<p>Antes de come\u00e7ar sua carreira na dan\u00e7a, a Bruna fazia Direito na faculdade! Ela nos contou um pouquinho sobre como foi transitar dessa faculdade para o seu verdadeiro sonho:<\/p>\n\n\n\n<p>\u201cEu sempre achei que seria advogada, sempre tive gosto pela profiss\u00e3o e admirava toda a minha fam\u00edlia que \u00e9 dessa \u00e1rea. Mas, no momento em que eu tive a experi\u00eancia dentro de um escrit\u00f3rio trabalhando principalmente com burocracia, isso me desestimulou, pois sentia falta do contato com as pessoas, do uso da minha criatividade e queria ajudar as pessoas para al\u00e9m de quest\u00f5es burocr\u00e1ticas! Como eu j\u00e1 era bailarina desde os 3 anos e j\u00e1 dava aula de dan\u00e7a, decidi focar nesse outro segmento que sempre esteve dentro de mim tamb\u00e9m.\u201d<\/p>\n\n\n\n<p>Com um perfil estabelecido nas redes sociais, agora focado no seu novo segmento, foi poss\u00edvel criar novos projetos, como o \u201cEvolu\u00e7\u00e3o Criativa atrav\u00e9s da Natureza\u201d. Nele, percebemos o quanto \u00e9 importante todo mundo ter essa liga\u00e7\u00e3o com a natureza. Ela nos explica:<\/p>\n\n\n\n<p>\u201cEsse projeto engloba todos os segmentos que eu trabalho. Al\u00e9m do Direito, eu trabalhei durante 8 anos com turismo, ent\u00e3o eu trouxe essa experi\u00eancia do turismo para a evolu\u00e7\u00e3o criativa. Assim, tentei agregar e complementar a experi\u00eancia que eu j\u00e1 tinha tanto da dan\u00e7a com os meus alunos como o trabalho de consci\u00eancia corporal e alongamento para dentro da natureza.&nbsp;<\/p>\n\n\n\n<p>Eu sinto e evidencio esses benef\u00edcios do contato com a natureza, essa reorganiza\u00e7\u00e3o natural que ela proporciona para o ser humano. Evidencio em mim. Vivo isso diariamente, seja no mato, no mar, na cachoeira, qualquer tipo de natureza. Tudo isso reordena e reorganiza o ser humano.&nbsp;<\/p>\n\n\n\n<p>Ent\u00e3o, como eu trabalho com esse projeto que tem um plano geral de desenvolvimento humano, n\u00f3s vamos para a natureza fazer essas complementa\u00e7\u00f5es.\u201d<\/p>\n\n\n\n<p>Em sua presen\u00e7a nas redes sociais, \u00e9 poss\u00edvel perceber que ela n\u00e3o tem dificuldade para aparecer em reels ou IGTVs do Instagram. Ser\u00e1 que o fato de ela j\u00e1 ter sido professora ajudou a perder a timidez nos v\u00eddeos?\u00a0<\/p>\n\n\n\n<p>\u201cNa verdade, a comunica\u00e7\u00e3o sempre foi meu forte, nunca foi um problema pra mim, desde o col\u00e9gio (trabalhos em grupo, conversa, gr\u00eamio estudantil, representa\u00e7\u00e3o de turma, de grupos). Comunicar sempre foi muito f\u00e1cil, e eu acho que o ser professora veio at\u00e9 depois da comunica\u00e7\u00e3o. Ent\u00e3o, eu sinto que na verdade o que mais me ajudou foi esse dom nato que veio de natureza, que veio da minha fam\u00edlia, pois todos s\u00e3o advogados e todos eles se comunicam, explicam, falam\u2026 ent\u00e3o acho que veio disso, da gen\u00e9tica hehehe.\u201d<\/p>\n\n\n\n<p>Mas mesmo com toda essa desenvoltura que a Bruna nos contou, ter um espa\u00e7o nas redes n\u00e3o \u00e9 uma tarefa f\u00e1cil. \u00c9 preciso saber conciliar bem o perfil no Instagram com uma mistura da Bruna profissional e do dia a dia da Bruna, n\u00e9?<\/p>\n\n\n\n<p>\u201cNo meu entendimento e percep\u00e7\u00e3o, n\u00e3o existe vida pessoal e vida profissional. Enquanto meu espa\u00e7o, minha empresa n\u00e3o existe fisicamente, pois ainda est\u00e1 em reforma. Eu vendo a Bruna ali no Instagram, o que a Bruna come, o que a Bruna assiste, como \u00e9 o dia a dia da Bruna, qual \u00e9 o lifestyle da Bruna&#8230; Isso nunca vai deixar de englobar toda a minha vida.&nbsp;<\/p>\n\n\n\n<p>Ent\u00e3o, na minha percep\u00e7\u00e3o, nunca vai ser diferente minha vida profissional e pessoal, pois eu sou a profissional que eu sou na vida real. Quem me conhece sabe que \u00e9 totalmente coerente a minha vida pessoal com a profissional, ent\u00e3o nunca vou fazer alguma coisa no trabalho que seja incoerente com as coisas pessoais\u2026 Tudo \u00e9 muito coerente com o que eu proponho como trabalho, ent\u00e3o acaba sendo muito tranquilo conciliar com todas as \u00e1reas da minha vida uma comunica\u00e7\u00e3o s\u00f3, que \u00e9 a comunica\u00e7\u00e3o Bruna.\u201d<\/p>\n\n\n\n<p>Com um sucesso claro nas redes sociais e exposi\u00e7\u00e3o de uma vida real para as pessoas, perguntamos para a Bruna qual seria a mensagem que ela gostaria de passar para os seguidores dela!<\/p>\n\n\n\n<p>\u201cA mensagem principal que eu sempre quero passar \u00e9 que todas as pessoas t\u00eam a capacidade de uma evolu\u00e7\u00e3o criativa aut\u00eantica, que todo mundo tem seu pr\u00f3prio projeto, que ningu\u00e9m precisa copiar ningu\u00e9m. Defendo que todos podem se descobrir, podem se entender e desenvolver de maneira criativa a sua exist\u00eancia aqui na Terra. Isso seria incr\u00edvel para o mundo, porque todo mundo teria algo para ensinar e compartilhar, acrescentar e beneficiar. Ningu\u00e9m \u00e9 repet\u00edvel, todos somos irrepet\u00edveis e todos n\u00f3s podemos sim\u00a0 desenvolver essa capacidade criativa de evolu\u00e7\u00e3o junto com a criatividade!\u201d<\/p>\n\n\n\n<p>E \u00e9 com essas motivadoras palavras que a Bruna fala um pouco mais sobre o que acredita que possui um significado lindo e importante para a sociedade!<\/p>\n","protected":false},"excerpt":{"rendered":"<p>Tu j\u00e1 ouviu falar em Evolu\u00e7\u00e3o Criativa? Ser incentivado a confiar mais em ti e nos teus projetos se torna<span class=\"excerpt-hellip\"> [\u2026]<\/span><\/p>\n","protected":false},"author":1,"featured_media":756,"comment_status":"open","ping_status":"open","sticky":false,"template":"","format":"standard","meta":[],"categories":[7,4],"tags":[],"_links":{"self":[{"href":"https:\/\/vamosfluir.com.br\/site\/wp-json\/wp\/v2\/posts\/755"}],"collection":[{"href":"https:\/\/vamosfluir.com.br\/site\/wp-json\/wp\/v2\/posts"}],"about":[{"href":"https:\/\/vamosfluir.com.br\/site\/wp-json\/wp\/v2\/types\/post"}],"author":[{"embeddable":true,"href":"https:\/\/vamosfluir.com.br\/site\/wp-json\/wp\/v2\/users\/1"}],"replies":[{"embeddable":true,"href":"https:\/\/vamosfluir.com.br\/site\/wp-json\/wp\/v2\/comments?post=755"}],"version-history":[{"count":0,"href":"https:\/\/vamosfluir.com.br\/site\/wp-json\/wp\/v2\/posts\/755\/revisions"}],"wp:featuredmedia":[{"embeddable":true,"href":"https:\/\/vamosfluir.com.br\/site\/wp-json\/"}],"wp:attachment":[{"href":"https:\/\/vamosfluir.com.br\/site\/wp-json\/wp\/v2\/media?parent=755"}],"wp:term":[{"taxonomy":"category","embeddable":true,"href":"https:\/\/vamosfluir.com.br\/site\/wp-json\/wp\/v2\/categories?post=755"},{"taxonomy":"post_tag","embeddable":true,"href":"https:\/\/vamosfluir.com.br\/site\/wp-json\/wp\/v2\/tags?post=755"}],"curies":[{"name":"wp","href":"https:\/\/api.w.org\/{rel}","templated":true}]}}