{"id":752,"date":"2021-08-18T17:24:43","date_gmt":"2021-08-18T20:24:43","guid":{"rendered":"http:\/\/vamosfluir.com.br\/site\/?p=752"},"modified":"2021-08-18T17:24:43","modified_gmt":"2021-08-18T20:24:43","slug":"fluindo-com-a-artista-ana-julia-dotto","status":"publish","type":"post","link":"https:\/\/vamosfluir.com.br\/site\/fluindo-com-a-artista-ana-julia-dotto\/","title":{"rendered":"Fluindo com a artista Ana J\u00falia Dotto"},"content":{"rendered":"\n<p>Ser uma artista que encanta diversas pessoas com suas pinturas de animaizinhos \u00e9 uma tarefa f\u00e1cil para a Ana J\u00falia! Com todo o seu talento, ela faz artes maravilhosas e posta tudo l\u00e1 no perfil @anajudotto, incluindo pinturas de vacas e experimenta\u00e7\u00f5es!<\/p>\n\n\n\n<p>Por isso, convidamos ela para participar do \u201cFluindo com\u201d. Afinal, atr\u00e1s de uma grande artista, existe uma grande hist\u00f3ria! Iniciamos a conversa questionando sobre como foi o processo para entrar nesse mundo das artes.<\/p>\n\n\n\n<p>\u201cIsso foi bem aleat\u00f3rio, pois acredito que vem l\u00e1 da inf\u00e2ncia, quando no meio das aulas ficava rabiscando qualquer coisa e criando elementos visuais diversos que eu nem sabia o porqu\u00ea. Mas esse gosto pelo desenho foi se desenvolvendo ainda mais na adolesc\u00eancia, ent\u00e3o comecei a me aprofundar na pintura, tentando alguns guaches e aquarelas. E foi durante a faculdade, quando iniciei as pinturas com acr\u00edlica em tela, que acho que me encontrei, tanto que tive que mudar o curso para as Artes Visuais, pois Arquitetura n\u00e3o estava dando conta.\u201d<\/p>\n\n\n\n<p>E qual ser\u00e1 o porqu\u00ea da escolha da artista por desenhar vacas? Ser\u00e1 que elas possuem um significado especial ou t\u00eam uma rela\u00e7\u00e3o na vida dela? Ela nos conta:<\/p>\n\n\n\n<p>\u201cMuitas pessoas acham eu pinto vacas pela rela\u00e7\u00e3o com os animais ou por eu n\u00e3o comer carne, mas na real, mesmo que eu tenha um carinho imenso pelos animais, n\u00e3o \u00e9 por isso. \u00c9 mais por eu ter me apaixonado demais na minha primeira pintura de vaca, a Celeste, e a partir da\u00ed desenvolvi diversas sequ\u00eancias de pinturas, o que se tornou algo muito confort\u00e1vel pra mim, n\u00e3o precisar pensar em algo para representar, n\u00e3o precisar quebrar a cabe\u00e7a pra come\u00e7ar a pintar. Foi um processo que demorou um pouco, mas agora eu consigo colocar na pintura o que eu estou sentindo indiretamente atrav\u00e9s da vaca ou trazer algum grafismo que eu gosto em conjunto com a figura da vaca. Mas o mais legal \u00e9 que muitas vezes eu n\u00e3o sei o que vou encontrar no final.\u201d<\/p>\n\n\n\n<p>Ou seja, a produ\u00e7\u00e3o de arte da Ana J\u00falia demanda um processo que deixa a artista bem curiosa com o resultado final de suas pinturas!\u00a0<\/p>\n\n\n\n<p>Mas para al\u00e9m disso, \u00e9 muito importante estar atento a quais conte\u00fados trazem mais engajamento, e notamos que quando aparece nas fotos, a Ana consegue mais curtidas e coment\u00e1rios. Ser\u00e1 que ela gosta de &#8220;dar as caras&#8221; no perfil ou queria que as pessoas priorizassem mais a sua arte?<\/p>\n\n\n\n<p>\u201cEu gostaria que fosse priorizado mais as minhas artes neste perfil, pois tenho outro apenas para postar fotos de momentos da vida. Mas muitas vezes n\u00e3o \u00e9 nem meus seguidores que escolhem se engajar mais com as postagens que eu apare\u00e7o, mas sim o Instagram que desloca a postagem com um rostinho l\u00e1 para o topo. Por outro lado, antes de a pintura ir para outro lar, e se ela for de um tamanho grande, curto muito fazer um registro dela do meu lado.\u201d<\/p>\n\n\n\n<p>E em meio \u00e0s suas produ\u00e7\u00f5es, surgiu a ideia de trocar cartas, as quais Ana confessa que viu e pensou: \u201cpreciso tentar isso!\u201d. Assim, ela j\u00e1 entrou em contato com algumas pessoas e foi atr\u00e1s de enviar! Ela afirma que at\u00e9 hoje tem contato com uma das meninas que ela iniciou o envio l\u00e1 em 2016, enquanto muitas outras acabam se perdendo no caminho.<\/p>\n\n\n\n<p>Mas ao formar todo seu perfil no Instagram, questionamos sobre a mensagem que ela poderia querer deixar na mente das pessoas que a seguem! Ana afirmou que nunca havia parado para pensar nisso.<\/p>\n\n\n\n<p>\u201cNunca tinha parado para pensar nisso, acho que porque n\u00e3o busco muito a aprova\u00e7\u00e3o dos outros (exceto pessoas pr\u00f3ximas hehe). Mas acredito que tento passar a mensagem de que a arte pode ser para todos, de forma a n\u00e3o ser vista como algo elitizado, tanto que fico muito feliz quando o pessoal aparece na dm me perguntando sobre materiais que uso, t\u00e9cnicas ou outras coisas, fico muito feliz de poder ajudar.\u201d<\/p>\n\n\n\n<p>E em meio a essa conversa t\u00e3o importante, sobre a elitiza\u00e7\u00e3o da arte e seu sentimento de felicidade em poder ajudar seus seguidores, perguntamos qual foi a pe\u00e7a que mais marcou ela durante a produ\u00e7\u00e3o e resultado.<\/p>\n\n\n\n<p>\u201c\u00c9 muito dif\u00edcil responder s\u00f3 uma, mas acho que Espa\u00e7o livre, por ser a segunda tela que pintei na vida e foi uma experi\u00eancia muito diferente da primeira, que eu estava tentando reproduzir t\u00e9cnicas do Youtube (que me ajudaram bastante). Nessa eu pude colocar coisas que eu percebia ao meu redor, muros, picha\u00e7\u00f5es, cores que \u00e0s vezes n\u00e3o v\u00e3o estar representando o real mas sim o que eu vejo e experimentar pinceladas e outros modos de colocar a tinta na tela.\u00a0<\/p>\n\n\n\n<p>A outra que me marcou muito foram as vacas azuladas, pintadas nesse \u00faltimo ano.\u00a0 Geralmente quando eu uso azul, \u00e9 algo satisfat\u00f3rio, por\u00e9m triste. Satisfat\u00f3rio por poder colocar pra fora, pelo gesto, eu gosto muito de ver esse movimento do pincel na tela, e muito expressivo, depois de pronto. At\u00e9 utilizei os dedos pra fazer essa. \u00c9 algo r\u00e1pido de se fazer, demorei menos de 1 hora, e era uma tela consideravelmente grande, muito diferente de alguma encomenda que tento representar algo. J\u00e1 a tristeza vinha quando tentei falar pela arte meu des\u00e2nimo dos \u00faltimos dias (tem um textinho que escrevi na postagem que acredito que explica melhor).\u201d<\/p>\n\n\n\n<p>E claro que, com um perfil maravilhoso e que inspira milhares de outras pessoas, tivemos que pedir aquela dica especial para quem deseja come\u00e7ar a trabalhar com arte e redes sociais!<\/p>\n\n\n\n<p>\u201cPrimeiro a pessoa vai ter que entender que tem que ter outro trabalho fixo para se sustentar, porque mesmo tirando um dinheirinho extra bem bacana, n\u00e3o d\u00e1 pra ganhar s\u00f3 com isso. Mas levar como algo que voc\u00ea gosta de fazer e n\u00e3o como uma obriga\u00e7\u00e3o ajuda muito, se n\u00e3o muitas vezes pode acabar de voc\u00ea produzir s\u00f3 por produzir, criar s\u00f3 por criar e no fim n\u00e3o se ver naquilo, n\u00e3o se ver naquela visualidade, e isso \u00e9 triste demais.\u201d<br><\/p>\n","protected":false},"excerpt":{"rendered":"<p>Ser uma artista que encanta diversas pessoas com suas pinturas de animaizinhos \u00e9 uma tarefa f\u00e1cil para a Ana J\u00falia!<span class=\"excerpt-hellip\"> [\u2026]<\/span><\/p>\n","protected":false},"author":1,"featured_media":753,"comment_status":"open","ping_status":"open","sticky":false,"template":"","format":"standard","meta":[],"categories":[7,4],"tags":[],"_links":{"self":[{"href":"https:\/\/vamosfluir.com.br\/site\/wp-json\/wp\/v2\/posts\/752"}],"collection":[{"href":"https:\/\/vamosfluir.com.br\/site\/wp-json\/wp\/v2\/posts"}],"about":[{"href":"https:\/\/vamosfluir.com.br\/site\/wp-json\/wp\/v2\/types\/post"}],"author":[{"embeddable":true,"href":"https:\/\/vamosfluir.com.br\/site\/wp-json\/wp\/v2\/users\/1"}],"replies":[{"embeddable":true,"href":"https:\/\/vamosfluir.com.br\/site\/wp-json\/wp\/v2\/comments?post=752"}],"version-history":[{"count":0,"href":"https:\/\/vamosfluir.com.br\/site\/wp-json\/wp\/v2\/posts\/752\/revisions"}],"wp:featuredmedia":[{"embeddable":true,"href":"https:\/\/vamosfluir.com.br\/site\/wp-json\/"}],"wp:attachment":[{"href":"https:\/\/vamosfluir.com.br\/site\/wp-json\/wp\/v2\/media?parent=752"}],"wp:term":[{"taxonomy":"category","embeddable":true,"href":"https:\/\/vamosfluir.com.br\/site\/wp-json\/wp\/v2\/categories?post=752"},{"taxonomy":"post_tag","embeddable":true,"href":"https:\/\/vamosfluir.com.br\/site\/wp-json\/wp\/v2\/tags?post=752"}],"curies":[{"name":"wp","href":"https:\/\/api.w.org\/{rel}","templated":true}]}}