{"id":741,"date":"2021-08-12T09:47:47","date_gmt":"2021-08-12T12:47:47","guid":{"rendered":"http:\/\/vamosfluir.com.br\/site\/?p=741"},"modified":"2021-08-12T09:47:47","modified_gmt":"2021-08-12T12:47:47","slug":"fluindo-com-aurora-inspira","status":"publish","type":"post","link":"https:\/\/vamosfluir.com.br\/site\/fluindo-com-aurora-inspira\/","title":{"rendered":"Fluindo com Aurora Inspira"},"content":{"rendered":"\n<p>Promovendo autonomia, reflex\u00f5es e autocuidado para mulheres reais, a Aurora, do <a href=\"http:\/\/ https:\/\/www.instagram.com\/aurorainspira\/\">@aurorainspira<\/a>, encanta v\u00e1rias pessoas diariamente nas redes sociais!\u00a0<\/p>\n\n\n\n<p>Convidamos a Aurora para participar do nosso \u201cFluindo com\u201d, pois com tantos conte\u00fados importantes, relevantes e com aquela identidade visual de se apaixonar, foi dif\u00edcil n\u00e3o querer saber mais um pouco de toda a sua trajet\u00f3ria. Ela nos conta:<\/p>\n\n\n\n<p>\u201cEu comecei um processo de fortalecer minha autoconfian\u00e7a com arte e queria muito ter a coragem de mostrar o que criava, por isso resolvi criar o perfil. Passei metade de 2017 sonhando com isso, em janeiro de 2018 criei o perfil e deixei ele secreto e em agosto de 2018 tornei p\u00fablico, na \u00e9poca mostrava meu bullet journal, aquarelas e letterings.\u201d<\/p>\n\n\n\n<p>E o processo para criar coragem de mostrar sua vida para as demais pessoas gera um pouco de medo do julgamento alheio que poderia surgir.<\/p>\n\n\n\n<p>\u201cFoi um longo processo e sempre tive mais dificuldade de mostrar para as pessoas que eu conhecia do que para desconhecidos, sentia muito medo de ser ridicularizada. Algo que nunca aconteceu, acabei inclusive me aproximando de pessoas que nem imaginei que me apoiariam tanto. Hoje em dia j\u00e1 tive mais de 300 clientes que acreditaram no meu trabalho.\u201d<\/p>\n\n\n\n<p>Esses mais de 300 clientes com certeza surgiram conforme seu trabalho foi sendo mais divulgado e, consequentemente, aprimorado! Ent\u00e3o, ser\u00e1 que existe alguma frase ou conhecimento que ela queria ter tido desde seu come\u00e7o no Instagram?<\/p>\n\n\n\n<p>\u201cEu gostaria que tivessem me dito tudo que compartilho hoje em dia, sobre poder errar, sobre a realidade da vida no virtual, os desafios reais que empreender traz.\u201d<\/p>\n\n\n\n<p>Hoje, a Aurora compartilha com v\u00e1rias mulheres essas reflex\u00f5es, e essas trocas e conversas nas redes sociais proporcionaram amizades incr\u00edveis na plataforma!<\/p>\n\n\n\n<p>\u201cAcredito que as amizades que fiz s\u00e3o muito especiais, conheci muita gente incr\u00edvel ao longo desses anos. N\u00e3o poderia deixar tamb\u00e9m de agradecer todas as pessoas que acreditaram e acreditam no meu trabalho, \u00e9 muito especial ver essa constru\u00e7\u00e3o.\u201d<\/p>\n\n\n\n<p>Todas essas amizades e constru\u00e7\u00f5es foram se formando com base no conte\u00fado maravilhoso que ela produz! Embora existam muitas postagens valiosas em seu perfil, sempre t\u00eam aquelas que chamam mais aten\u00e7\u00e3o, e a Aurora nos contou que s\u00e3o as reflex\u00f5es sobre a vida real mesmo!<\/p>\n\n\n\n<p>\u201cAcredito que quem me acompanha gosta de ver vida real e minhas reflex\u00f5es, muitas vezes falo coisas simples que as pessoas s\u00f3 n\u00e3o tinham olhado com esses olhos. Os posts com exerc\u00edcio de autoconhecimento tem um alcance bem legal.\u201d<\/p>\n\n\n\n<p>Em meio a tantos planejamentos para postagens no perfil, perguntamos para a Aurora sobre a sua vida pessoal, pensando fora desse universo das redes, se existe algum h\u00e1bito novo que ela pensa em adquirir. Ela nos contou:<\/p>\n\n\n\n<p>\u201cHoje em dia trabalho para desenvolver a rotina noturna de desconex\u00e3o e tamb\u00e9m atividade f\u00edsica hehe fiz 28 anos e j\u00e1 t\u00f4 sentindo que n\u00e3o t\u00e1 mais dando pra adiar.\u201d<\/p>\n\n\n\n<p>Ou seja, \u00e9 uma mulher real, produzindo conte\u00fados sobre a vida real para mulheres reais! Um perfil que, depois que voc\u00ea descobre, \u00e9 imposs\u00edvel n\u00e3o ficar apaixonado por conte\u00fados t\u00e3o relevantes e que te fazem prestar aten\u00e7\u00e3o em quest\u00f5es do cotidiano.<\/p>\n","protected":false},"excerpt":{"rendered":"<p>Promovendo autonomia, reflex\u00f5es e autocuidado para mulheres reais, a Aurora, do @aurorainspira, encanta v\u00e1rias pessoas diariamente nas redes sociais!\u00a0 Convidamos<span class=\"excerpt-hellip\"> [\u2026]<\/span><\/p>\n","protected":false},"author":1,"featured_media":742,"comment_status":"open","ping_status":"open","sticky":false,"template":"","format":"standard","meta":[],"categories":[7,4],"tags":[],"_links":{"self":[{"href":"https:\/\/vamosfluir.com.br\/site\/wp-json\/wp\/v2\/posts\/741"}],"collection":[{"href":"https:\/\/vamosfluir.com.br\/site\/wp-json\/wp\/v2\/posts"}],"about":[{"href":"https:\/\/vamosfluir.com.br\/site\/wp-json\/wp\/v2\/types\/post"}],"author":[{"embeddable":true,"href":"https:\/\/vamosfluir.com.br\/site\/wp-json\/wp\/v2\/users\/1"}],"replies":[{"embeddable":true,"href":"https:\/\/vamosfluir.com.br\/site\/wp-json\/wp\/v2\/comments?post=741"}],"version-history":[{"count":0,"href":"https:\/\/vamosfluir.com.br\/site\/wp-json\/wp\/v2\/posts\/741\/revisions"}],"wp:featuredmedia":[{"embeddable":true,"href":"https:\/\/vamosfluir.com.br\/site\/wp-json\/"}],"wp:attachment":[{"href":"https:\/\/vamosfluir.com.br\/site\/wp-json\/wp\/v2\/media?parent=741"}],"wp:term":[{"taxonomy":"category","embeddable":true,"href":"https:\/\/vamosfluir.com.br\/site\/wp-json\/wp\/v2\/categories?post=741"},{"taxonomy":"post_tag","embeddable":true,"href":"https:\/\/vamosfluir.com.br\/site\/wp-json\/wp\/v2\/tags?post=741"}],"curies":[{"name":"wp","href":"https:\/\/api.w.org\/{rel}","templated":true}]}}