{"id":730,"date":"2021-07-29T09:18:52","date_gmt":"2021-07-29T12:18:52","guid":{"rendered":"http:\/\/vamosfluir.com.br\/site\/?p=730"},"modified":"2021-07-29T09:18:52","modified_gmt":"2021-07-29T12:18:52","slug":"fluindo-com-que-bom-que-veio","status":"publish","type":"post","link":"https:\/\/vamosfluir.com.br\/site\/fluindo-com-que-bom-que-veio\/","title":{"rendered":"Fluindo com Que Bom Que Veio"},"content":{"rendered":"\n<p>Naqueles momentos em que nos sentimos perdidos, ou quando desejamos saber um pouco mais sobre o que estamos sentindo ou as raz\u00f5es das coisas acontecerem, a psicologia possui \u00f3timas reflex\u00f5es para nos auxiliar.<\/p>\n\n\n\n<p>Mas imagina seguir um perfil que pudesse simplificar esses conhecimentos, buscando ajudar diversas pessoas a entenderem o porqu\u00ea das coisas? Ent\u00e3o bora conhecer a <a href=\"http:\/\/instagram.com\/quebomqueveio\">@quebomqueveio<\/a>, um perfil feito pela Hanna e pela Carol, que fala sobre psicologia e sa\u00fade mental! Conversamos com elas sobre como surgiu a ideia de criar um perfil com um tema t\u00e3o importante:<\/p>\n\n\n\n<p>\u201cNos conhecemos ainda no col\u00e9gio e a gradua\u00e7\u00e3o ajudou a nos aproximarmos mais. Eu estava me formando na faculdade e a Hanna tinha rec\u00e9m come\u00e7ado a gradua\u00e7\u00e3o quando, de repente, e viramos amigas. A Hanna j\u00e1 tinha um perfil no Instagram e no Tik Tok, mas ningu\u00e9m falava de fato o que s\u00e3o os transtornos. Geralmente s\u00e3o pessoas que passaram por terapia ou que entendem um pouco do assunto, mas n\u00e3o s\u00e3o profissionais que querem passar os seus conhecimentos.&nbsp;<\/p>\n\n\n\n<p>Ent\u00e3o pensamos: \u201cpor que n\u00e3o, n\u00f3s, como profissionais da \u00e1rea, passarmos esse conte\u00fado?\u201d \u201cE se a gente criasse um perfil no Instagram para poder passar esse conhecimento?\u201d&nbsp;<\/p>\n\n\n\n<p>Quer\u00edamos um perfil que fosse receptivo, e conclu\u00edmos: \u201cQuando chegamos na terapia, qual \u00e9 a primeira coisa que um psic\u00f3logo fala? Que bom que voc\u00ea veio!\u201d. E ent\u00e3o, surgiu o nome do nosso perfil, que tinha como objetivo conscientizar as pessoas sobre os transtornos psicol\u00f3gicos com a vis\u00e3o dos profissionais da \u00e1rea!\u201d<\/p>\n\n\n\n<p>Com uma hist\u00f3ria maravilhosa dessas, \u00e9 imposs\u00edvel n\u00e3o querer saber mais sobre essas duas amigas que formam uma dupla e tanto no Instagram, conquistando mais de 10 mil seguidores!<\/p>\n\n\n\n<p>Mas, ser\u00e1 que para o nascimento desse perfil, algo de especial teve que acontecer?<\/p>\n\n\n\n<p>\u201cO momento de fazer o perfil n\u00e3o contou com um acontecimento em especial, mas contou com um momento de conversa. Eu lembro que est\u00e1vamos na cantina da faculdade conversando sobre o quanto a internet estava explodindo (no per\u00edodo pr\u00e9-pandemia ainda) com conte\u00fados sobre transtornos psicol\u00f3gicos.<\/p>\n\n\n\n<p>E ent\u00e3o, em 2020, com a chegada da pandemia, o pessoal come\u00e7ou a abordar esse assunto ainda mais. Por isso, criamos nosso perfil para somar nessa onda!<\/p>\n\n\n\n<p>A conversa que tivemos foi no fim de 2019, e em 2020 fomos amadurecendo a ideia. T\u00ednhamos colocado o plano de lado por um tempo, pois est\u00e1vamos na correria e na incerteza do in\u00edcio da pandemia. Mas em um dia de agosto, finalmente resolvemos criar o perfil e a identidade visual.\u201d<\/p>\n\n\n\n<p>Questionadas sobre a dificuldade em abordar assuntos t\u00e3o importantes, visto que s\u00e3o temas delicados, que podem causar gatilhos e que precisam ser trazidos de maneira mais leve para as redes sociais, elas respondem:<\/p>\n\n\n\n<p>\u201cN\u00e3o acreditamos que abordar esses temas seja algo dif\u00edcil. Mas temos aquele princ\u00edpio, igual ao que Einstein falava, de que \u201cvoc\u00ea s\u00f3 \u00e9 realmente s\u00e1bio se voc\u00ea sabe passar o seu conhecimento de forma que todos possam entender.\u201d<\/p>\n\n\n\n<p>Por isso, a gente senta, discute e sempre est\u00e1 estudando os assuntos, n\u00e9? Por conta da Hanna ainda estar na gradua\u00e7\u00e3o e eu estar fazendo mestrado, ou seja, sermos profissionais dessa \u00e1rea mesmo, estamos constantemente estudando sobre essas coisas! Tentamos transmitir de uma forma como se a gente estivesse conversando com as pessoas, com a nossa fam\u00edlia, nossos amigos, pessoas que n\u00e3o s\u00e3o da \u00e1rea da psicologia, e tentamos transformar isso em um post que todos possam entender a seriedade do assunto, de uma forma simples e leve.&#8221;<\/p>\n\n\n\n<p>E para ter a inspira\u00e7\u00e3o para esses conte\u00fados e como mont\u00e1-los da melhor forma, elas nos contam que, para as artes, que s\u00e3o feitas pela Hanna, as inspira\u00e7\u00f5es s\u00e3o a vida e o que gostam de ver nas redes sociais.<\/p>\n\n\n\n<p>\u201cN\u00f3s fazemos conte\u00fado muito voltado para aquilo que gostar\u00edamos de consumir. Se a gente gostaria de consumir, talvez outras pessoas tamb\u00e9m gostem. E isso tem dado certo! Ent\u00e3o \u00e9 basicamente isso: nos inspiramos nas nossas viv\u00eancias, nas pessoas \u00e0 nossa volta e tamb\u00e9m no tipo de conte\u00fado que a gente gostaria de ver na internet.\u201d<\/p>\n\n\n\n<p>\u201cO conte\u00fado escrito, te\u00f3rico, a gente se inspira na nossa viv\u00eancia na universidade. N\u00e3o \u00e9 porque tu faz faculdade de Psicologia que vai sair sabendo tudo! \u00c9 preciso estar fazendo cursos e especializa\u00e7\u00f5es para se aprofundar naquilo, pois acabamos vendo apenas o b\u00e1sico das coisas.&nbsp;<\/p>\n\n\n\n<p>Assim, vamos atr\u00e1s de estudos e assuntos mais comentados, para trazermos algo relevante, sempre pensando: \u201cOpa, esse assunto est\u00e1 na m\u00eddia e as pessoas deveriam ser mais conscientizadas sobre, ent\u00e3o por que a gente n\u00e3o fala de uma forma tranquila, leve e com o conhecimento que a gente tem da psicologia?\u201d<\/p>\n\n\n\n<p>Assim, o perfil delas vem ajudando diversas pessoas durante o per\u00edodo pand\u00eamico! A certeza de um trabalho bem feito chega por meio de feedbacks, coment\u00e1rios e mensagens diretas.\u00a0<\/p>\n\n\n\n<p>\u201cAs pessoas ficam muito gratas por estarem descobrindo o que \u00e9, de fato, o que elas est\u00e3o sentindo, entendendo, por exemplo, o que \u00e9 a ansiedade patol\u00f3gica ou uma ansiedade normal, o que \u00e9 normal sentir durante o dia a dia e o que n\u00e3o \u00e9, o que necessita de ajuda e atendimento profissional\u2026 No geral, acredito que o perfil tem ajudado na conscientiza\u00e7\u00e3o das pessoas a respeito dos transtornos psicol\u00f3gicos!\u201d<\/p>\n\n\n\n<p>Mas com toda a dedica\u00e7\u00e3o que envolve o perfil delas e a import\u00e2ncia de abordar assuntos como esses nas redes sociais, para que mais pessoas possam ter esse conhecimento, ser\u00e1 que elas tamb\u00e9m s\u00e3o ajudadas pelo perfil? Ser\u00e1 que todo esse cuidado tamb\u00e9m traz benef\u00edcios para elas?<\/p>\n\n\n\n<p>\u201cCom toda a certeza! Todo o estudo ajuda! E quando a gente para, \u00e0s vezes, para escrever sobre, a gente tem alguns insights sobre a nossa pr\u00f3pria vida, de pensar \u201cmeu deus, talvez isso poderia estar acontecendo de uma forma diferente comigo\u201d ou \u201cisso j\u00e1 aconteceu comigo\u201d&#8230; Mas claro, tamb\u00e9m nos ajuda muito saber que estamos ajudando outras pessoas, pois d\u00e1 aquela sensa\u00e7\u00e3o de dever cumprido!\u201d<\/p>\n\n\n\n<p>Com todo o conhecimento, aten\u00e7\u00e3o e capricho que \u00e9 a @quebomqueveio, \u00e9 imposs\u00edvel n\u00e3o ficar apaixonada pelo conte\u00fado, feito de forma leve e descomplicada! \u00c9 um important\u00edssimo trabalho que merece todo o reconhecimento!<br><\/p>\n","protected":false},"excerpt":{"rendered":"<p>Naqueles momentos em que nos sentimos perdidos, ou quando desejamos saber um pouco mais sobre o que estamos sentindo ou<span class=\"excerpt-hellip\"> [\u2026]<\/span><\/p>\n","protected":false},"author":1,"featured_media":731,"comment_status":"open","ping_status":"open","sticky":false,"template":"","format":"standard","meta":[],"categories":[7,4],"tags":[],"_links":{"self":[{"href":"https:\/\/vamosfluir.com.br\/site\/wp-json\/wp\/v2\/posts\/730"}],"collection":[{"href":"https:\/\/vamosfluir.com.br\/site\/wp-json\/wp\/v2\/posts"}],"about":[{"href":"https:\/\/vamosfluir.com.br\/site\/wp-json\/wp\/v2\/types\/post"}],"author":[{"embeddable":true,"href":"https:\/\/vamosfluir.com.br\/site\/wp-json\/wp\/v2\/users\/1"}],"replies":[{"embeddable":true,"href":"https:\/\/vamosfluir.com.br\/site\/wp-json\/wp\/v2\/comments?post=730"}],"version-history":[{"count":0,"href":"https:\/\/vamosfluir.com.br\/site\/wp-json\/wp\/v2\/posts\/730\/revisions"}],"wp:featuredmedia":[{"embeddable":true,"href":"https:\/\/vamosfluir.com.br\/site\/wp-json\/"}],"wp:attachment":[{"href":"https:\/\/vamosfluir.com.br\/site\/wp-json\/wp\/v2\/media?parent=730"}],"wp:term":[{"taxonomy":"category","embeddable":true,"href":"https:\/\/vamosfluir.com.br\/site\/wp-json\/wp\/v2\/categories?post=730"},{"taxonomy":"post_tag","embeddable":true,"href":"https:\/\/vamosfluir.com.br\/site\/wp-json\/wp\/v2\/tags?post=730"}],"curies":[{"name":"wp","href":"https:\/\/api.w.org\/{rel}","templated":true}]}}