{"id":694,"date":"2021-06-24T12:00:22","date_gmt":"2021-06-24T15:00:22","guid":{"rendered":"http:\/\/vamosfluir.com.br\/site\/?p=694"},"modified":"2021-06-24T12:00:22","modified_gmt":"2021-06-24T15:00:22","slug":"fluindo-com-a-marca-v-elas","status":"publish","type":"post","link":"https:\/\/vamosfluir.com.br\/site\/fluindo-com-a-marca-v-elas\/","title":{"rendered":"Fluindo com a marca V.elas"},"content":{"rendered":"\n<p>Quando pensamos em velas arom\u00e1ticas e artesanais, pensamos em um momento de paz e conex\u00e3o de esp\u00edrito. Mas, depois que conhecemos a @v.elass, entendemos que esse elemento tamb\u00e9m pode simbolizar uma luta feminina, al\u00e9m de servir como inspira\u00e7\u00e3o para nossos momentos de conex\u00e3o.<\/p>\n\n\n\n<p>E essa \u00e9 a proposta dessa marca maravilhosa: trazer visibilidade para as mulheres, contando hist\u00f3rias e oferecendo esse espa\u00e7o! Devido a essa originalidade, questionamos a criadora, Cyntia, de como surgiu toda essa ideia de formar algo inovador e t\u00e3o simb\u00f3lico:<\/p>\n\n\n\n<p>\u201cA ideia da marca surgiu a partir da jun\u00e7\u00e3o de uma vontade e de algo que me fazia bem. Eu estava no 5\u00ba semestre da faculdade quando tive a ideia de abrir a v.elas, e essa vontade surgiu uma vez que eu me encontrei buscando est\u00e1gio em diversas empresas e n\u00e3o me identificando, de fato, com nenhuma delas. Ao mesmo tempo, as velas sempre estiveram junto comigo, sobretudo depois que comecei a faculdade; com a rotina pesada, ter um momento para mim, acendendo uma velinha e relaxando, me reenergizava. Assim, juntei o \u00fatil ao agrad\u00e1vel: decidi abrir uma marca de velas, produto que j\u00e1 me fazia bem, com o empreendedorismo com prop\u00f3sito, estruturando uma marca com meus valores e colocando nela tudo aquilo que acredito.\u201d<\/p>\n\n\n\n<p>Assim, Cyntia uniu as velas com suas lutas, conex\u00f5es e forte liga\u00e7\u00e3o com o feminismo, afinal, o simb\u00f3lico por tr\u00e1s das velas \u00e9 realmente esse momento de conex\u00e3o.<\/p>\n\n\n\n<p>\u201cConsideramos o feminismo um dos pilares da v.elas. A partir do momento em que compreendemos o cen\u00e1rio atual brasileiro, em que mulheres est\u00e3o inseridas em dupla e muitas vezes at\u00e9 tripla jornada de trabalho, come\u00e7amos a entender que o cansa\u00e7o e o estresse s\u00e3o proeminentes em nossas vidas. Assim, a v.elas desenvolve velas artesanais para mulheres fortes, com a inten\u00e7\u00e3o de n\u00e3o s\u00f3 inspir\u00e1-las com hist\u00f3rias de outras mulheres fortes, mas tamb\u00e9m incentiv\u00e1-las a ter um momento de descanso, um momento para respirar e reenergizar e um momento para si, afinal, como a gente sempre diz: n\u00e3o se destr\u00f3i o patriarcado cansada.\u201d<\/p>\n\n\n\n<p>E como diferencial, a Cyntia reconhece que a identidade visual e a rela\u00e7\u00e3o com as consumidoras seja um ponto forte, visto que o mercado n\u00e3o trazia essa maneira mais nova, com uma proposta \u201cjovial, colorida e cool\u201d! E ela continua:\u00a0<\/p>\n\n\n\n<p>\u201cTamb\u00e9m gosto de ressaltar que hoje, a v.elas \u00e9 muito mais do que apenas uma marca, focamos muito na sua humaniza\u00e7\u00e3o e percebemos que nossas seguidoras s\u00e3o muito mais do que consumidoras ou potenciais consumidoras, elas j\u00e1 se tornaram nossas amigas e assim, constru\u00edmos a cada dia, uma rede de mulheres fortes.\u201d<\/p>\n\n\n\n<p>E para criar esses elementos, o processo n\u00e3o surge do nada, pois elas buscam estar alinhadas com as expectativas das suas consumidoras, procurando entender o que elas acreditam ser interessante desenvolver. Al\u00e9m disso, a marca nos disse que tamb\u00e9m analisam tend\u00eancias de outros pa\u00edses!<\/p>\n\n\n\n<p>\u201cAssim, a partir desse mix e v\u00e1rios toques de inspira\u00e7\u00e3o de artistas mulheres incr\u00edveis, decidimos os novos produtos e partimos para o desenvolvimento. Se voc\u00eas tiverem interesse nesse processo, n\u00f3s gravamos de todas as nossas cole\u00e7\u00f5es para o TikTok (@v.elas).\u201d<\/p>\n\n\n\n<p>Imposs\u00edvel n\u00e3o querer acompanhar todo o processo por tr\u00e1s de uma marca que realmente se preocupa com as necessidades dos consumidores! Mas, para se apresentar nas redes e gravar v\u00eddeos para diferentes plataformas, \u00e9 preciso um conhecimento, ainda mais ao analisar todo o sucesso crescente da marca! Assim, Cyntia acredita que sua faculdade de Publicidade e Propaganda ajudou em praticamente tudo da marca:<\/p>\n\n\n\n<p>\u201cPor cursar publicidade e por minha faculdade tamb\u00e9m ter um p\u00e9zinho em marketing, eu j\u00e1 estava familiarizada com alguns conceitos, como branding, desenvolvimento de identidade visual, valores, etc, ent\u00e3o me ajudou m u i t o nesse sentido! O principal ponto de aux\u00edlio foi na identifica\u00e7\u00e3o e determina\u00e7\u00e3o do meu p\u00fablico-alvo e minha persona, o que facilitou muito todos os processos que vieram a seguir.\u201d<\/p>\n\n\n\n<p>Mas nesse processo, embora familiarizada com alguns conceitos do marketing, tamb\u00e9m representou algumas de suas dificuldades:<\/p>\n\n\n\n<p>\u201cPara mim, as maiores dificuldades foram relacionadas \u00e0 burocracias e finan\u00e7as. Apesar de ter um conhecimento pr\u00e9vio acerca de Marketing, Finan\u00e7as nunca foi o meu forte, ent\u00e3o precisei ir a fundo em assuntos que antes n\u00e3o eram do meu interesse, aprendendo a precificar meus produtos, montar planilhas de gastos, etc.\u201d<\/p>\n\n\n\n<p>E ainda assim, ao produzir conte\u00fados para diferentes redes, questionamos sobre as principais diferen\u00e7as das duas redes sociais que utilizam, o Instagram e o TikTok, e se haviam maneiras distintas no modo de falar com o p\u00fablico ou a forma de fazer o conte\u00fado:<\/p>\n\n\n\n<p>\u201cN\u00f3s diferenciamos o tipo de conte\u00fado produzido em cada rede social. No Instagram, n\u00f3s temos uma rela\u00e7\u00e3o mais pr\u00f3xima com nossas seguidoras, as quais nos acompanham diariamente e j\u00e1 at\u00e9 viraram nossas amigas. No TikTok \u00e9 um pouco diferente, a plataforma possui uma capacidade de viraliza\u00e7\u00e3o dos v\u00eddeos enorme, ent\u00e3o nem todos que entram em contato j\u00e1 conhecem a v.elas ou s\u00e3o nosso p\u00fablico alvo, assim, buscamos produzir no TikTok conte\u00fados que introduzem a v.elas na vida dessas pessoas e no Instagram conte\u00fados que aproximem e estreitam as nossas rela\u00e7\u00f5es.\u201d<\/p>\n\n\n\n<p>E claro, n\u00e3o pod\u00edamos deixar de pedir uma dica para quem est\u00e1 come\u00e7ando nesse mundo das redes e que tem o sonho de empreender e inovar!<\/p>\n\n\n\n<p>\u201cA minha dica \u00e9: se voc\u00ea acredita na sua empresa, n\u00e3o desista! Eu sei que parece clich\u00ea falar isso, mas \u00e9 verdade. Ter\u00e3o dias que voc\u00ea n\u00e3o vai estar t\u00e3o confiante ou dias em que imprevistos acontecer\u00e3o, mas acredite em mim, a jornada de ningu\u00e9m foi \u201cperfeita\u201d, sem nenhuma pedra no caminho, basta voc\u00ea respirar fundo, tirar o tempo que for necess\u00e1rio para voc\u00ea (se voc\u00ea for que nem eu, dar uma choradinha) e depois seguir em frente. Se voc\u00ea acreditar, as outras pessoas tamb\u00e9m acreditar\u00e3o ;)\u201d<\/p>\n\n\n\n<p>Uma importante marca, com um claro sucesso nas redes, em volta de um elemento muito simb\u00f3lico (a vela), somado a um pilar muito importante atualmente (o feminismo), tinha que possuir um espa\u00e7o especial no \u201cFluindo com\u201d! E agora possui, tamb\u00e9m, um espa\u00e7o no cora\u00e7\u00e3o de cada mulher que leu esse post at\u00e9 o final. &lt;3<\/p>\n","protected":false},"excerpt":{"rendered":"<p>Quando pensamos em velas arom\u00e1ticas e artesanais, pensamos em um momento de paz e conex\u00e3o de esp\u00edrito. Mas, depois que<span class=\"excerpt-hellip\"> [\u2026]<\/span><\/p>\n","protected":false},"author":1,"featured_media":695,"comment_status":"open","ping_status":"open","sticky":false,"template":"","format":"standard","meta":[],"categories":[7,4],"tags":[],"_links":{"self":[{"href":"https:\/\/vamosfluir.com.br\/site\/wp-json\/wp\/v2\/posts\/694"}],"collection":[{"href":"https:\/\/vamosfluir.com.br\/site\/wp-json\/wp\/v2\/posts"}],"about":[{"href":"https:\/\/vamosfluir.com.br\/site\/wp-json\/wp\/v2\/types\/post"}],"author":[{"embeddable":true,"href":"https:\/\/vamosfluir.com.br\/site\/wp-json\/wp\/v2\/users\/1"}],"replies":[{"embeddable":true,"href":"https:\/\/vamosfluir.com.br\/site\/wp-json\/wp\/v2\/comments?post=694"}],"version-history":[{"count":0,"href":"https:\/\/vamosfluir.com.br\/site\/wp-json\/wp\/v2\/posts\/694\/revisions"}],"wp:featuredmedia":[{"embeddable":true,"href":"https:\/\/vamosfluir.com.br\/site\/wp-json\/"}],"wp:attachment":[{"href":"https:\/\/vamosfluir.com.br\/site\/wp-json\/wp\/v2\/media?parent=694"}],"wp:term":[{"taxonomy":"category","embeddable":true,"href":"https:\/\/vamosfluir.com.br\/site\/wp-json\/wp\/v2\/categories?post=694"},{"taxonomy":"post_tag","embeddable":true,"href":"https:\/\/vamosfluir.com.br\/site\/wp-json\/wp\/v2\/tags?post=694"}],"curies":[{"name":"wp","href":"https:\/\/api.w.org\/{rel}","templated":true}]}}