{"id":665,"date":"2021-06-03T12:00:15","date_gmt":"2021-06-03T15:00:15","guid":{"rendered":"http:\/\/vamosfluir.com.br\/site\/?p=665"},"modified":"2021-06-03T12:00:15","modified_gmt":"2021-06-03T15:00:15","slug":"por-que-tu-precisa-de-um-planejamento-de-marca","status":"publish","type":"post","link":"https:\/\/vamosfluir.com.br\/site\/por-que-tu-precisa-de-um-planejamento-de-marca\/","title":{"rendered":"Por que tu precisa de um planejamento de marca?"},"content":{"rendered":"\n<p>Antes de te jogar no mundo das redes sociais, tu fez um planejamento?!<\/p>\n\n\n\n<p>\u00c9, parece at\u00e9 bobagem e perda de tempo pra quem v\u00ea de fora, j\u00e1 que \u201ctodo mundo est\u00e1 nas redes sociais\u201d. Mas a gente garante: tu PRECISA de um planejamento bem estruturado pra ter sucesso e conseguir alavancar a tua marca nas redes sociais.<\/p>\n\n\n\n<p>Elencamos os 4 principais motivos pelos quais tu deve ter um planejamento bem estruturado antes de te jogar de cabe\u00e7a no mundo das redes:<\/p>\n\n\n\n<p><strong>Tu precisa entender o teu neg\u00f3cio e ter um objetivo claro pra ele.<\/strong><\/p>\n\n\n\n<p>A gente sabe que tu manja do teu neg\u00f3cio, mas onde tu quer que ele chegue? Qual teu principal diferencial? Por que as pessoas devem escolher o teu peixe e n\u00e3o o do concorrente?<\/p>\n\n\n\n<p>A partir dessa vis\u00e3o, tu vai definir onde tu quer chegar, como tu quer que teu p\u00fablico te veja e qual a marca que tu quer deixar no mundo.<\/p>\n\n\n\n<p><strong>Tu precisa conhecer e entender teu p\u00fablico para poder criar conte\u00fado de valor e descobrir qual a melhor forma de se comunicar com ele.<\/strong><\/p>\n\n\n\n<p>Tu s\u00f3 vai conseguir atingir o teu objetivo se tu conseguir entrar no mundo do teu cliente e conseguir te comunicar de forma efetiva com ele, e isso \u00e9 um fato.<\/p>\n\n\n\n<p>E aqui n\u00e3o falamos s\u00f3 do p\u00fablico-alvo, n\u00e3o. Falamos de personas, aquele modelo de cliente ideal que tu quer atingir. No momento em que tu descobrir como teu cliente \u00e9, o que ele gosta de fazer, quais os desejos, quais as dores e o que tu pode fazer de diferente para ele \u00e9 que tu vai conseguir ter uma abordagem efetiva e tocar l\u00e1 no fundo do cora\u00e7\u00e3o dele.<\/p>\n\n\n\n<p>No momento em que ele entender que precisa de ti e daquilo que tu pode oferecer pra ele, tu ganhou o mundo.<\/p>\n\n\n\n<p><strong>Tu deve estar sempre atenta \u00e0 tua concorr\u00eancia e como ela se posiciona dentro do teu nicho para n\u00e3o ser surpreendida.<\/strong><\/p>\n\n\n\n<p>Uma das formas mais efetivas de estar sempre \u00e0 frente e te destacando no teu nicho \u00e9 mapeando a tua concorr\u00eancia.<\/p>\n\n\n\n<p>\u00c9 super importante tu saber quais s\u00e3o teus concorrentes diretos e indiretos e ficar de olho naquilo que d\u00e1 certo ou n\u00e3o pra eles. Essas pequenas an\u00e1lises v\u00e3o te gerar v\u00e1rios insights e v\u00e3o te ajudar a n\u00e3o cair no \u201cmais do mesmo\u201d.<\/p>\n\n\n\n<p><strong>Tu precisa ter um norte pra guiar tua estrat\u00e9gia.<\/strong><\/p>\n\n\n\n<p>Atirar para todos os lados N\u00c3O ADIANTA!\u00a0<\/p>\n\n\n\n<p>\u00c9 normal que no in\u00edcio do teu trabalho com as redes sociais tu esteja ansiosa e queira atingir o maior n\u00famero de pessoas o mais r\u00e1pido poss\u00edvel. Mas aqui \u00e9 super importante tu lembrar que: pra tua marca crescer, tu precisa atingir as pessoas certas, com os objetivos e conte\u00fados certos.<\/p>\n\n\n\n<p>Lembra daqueles objetivos que falamos no in\u00edcio desse post? Como tu vai conseguir atingir todos eles?<\/p>\n\n\n\n<p>Pensa nisso e tra\u00e7a um passo a passo com coisas que tu pode ir fazendo todos os dias pra chegar l\u00e1 e alcan\u00e7ar o sucesso que tu tanto almeja com as redes sociais.<\/p>\n\n\n\n<p><strong>E quer saber como tu pode fazer isso tudo SOZINHA? Com a ajuda do nosso planner! \ud83d\ude42<\/strong><\/p>\n\n\n\n<p>Desenvolvemos um guia pr\u00e1tico pra te ajudar a entender melhor o teu neg\u00f3cio e tra\u00e7ar uma estrat\u00e9gia certeira de comunica\u00e7\u00e3o nas tuas redes sociais.<\/p>\n\n\n\n<p>Se depois de ler esse post, tu sentiu falta de um planejamento para a tua comunica\u00e7\u00e3o, o nosso planner \u00e9 pra ti!\u00a0<\/p>\n\n\n\n<p>Reunimos em um s\u00f3 lugar os principais pontos e ferramentas necess\u00e1rias pra ti poder criar o teu pr\u00f3prio planejamento pra alavancar a tua marca e alcan\u00e7ar novos patamares nas redes sociais. E tudo isso por um precinho camarada, que com certeza cabe no teu bolso.<\/p>\n\n\n\n<p>Baita investimento pra tua marca, hein?!<\/p>\n\n\n\n<p>Quer saber mais sobre ele? Entra em contato com a gente l\u00e1 no direct do <a href=\"http:\/\/instagram.com\/vamosfluir\">@vamosfluir.<\/a><br><\/p>\n","protected":false},"excerpt":{"rendered":"<p>Antes de te jogar no mundo das redes sociais, tu fez um planejamento?! \u00c9, parece at\u00e9 bobagem e perda de<span class=\"excerpt-hellip\"> [\u2026]<\/span><\/p>\n","protected":false},"author":1,"featured_media":666,"comment_status":"open","ping_status":"open","sticky":false,"template":"","format":"standard","meta":[],"categories":[7,4],"tags":[],"_links":{"self":[{"href":"https:\/\/vamosfluir.com.br\/site\/wp-json\/wp\/v2\/posts\/665"}],"collection":[{"href":"https:\/\/vamosfluir.com.br\/site\/wp-json\/wp\/v2\/posts"}],"about":[{"href":"https:\/\/vamosfluir.com.br\/site\/wp-json\/wp\/v2\/types\/post"}],"author":[{"embeddable":true,"href":"https:\/\/vamosfluir.com.br\/site\/wp-json\/wp\/v2\/users\/1"}],"replies":[{"embeddable":true,"href":"https:\/\/vamosfluir.com.br\/site\/wp-json\/wp\/v2\/comments?post=665"}],"version-history":[{"count":0,"href":"https:\/\/vamosfluir.com.br\/site\/wp-json\/wp\/v2\/posts\/665\/revisions"}],"wp:featuredmedia":[{"embeddable":true,"href":"https:\/\/vamosfluir.com.br\/site\/wp-json\/"}],"wp:attachment":[{"href":"https:\/\/vamosfluir.com.br\/site\/wp-json\/wp\/v2\/media?parent=665"}],"wp:term":[{"taxonomy":"category","embeddable":true,"href":"https:\/\/vamosfluir.com.br\/site\/wp-json\/wp\/v2\/categories?post=665"},{"taxonomy":"post_tag","embeddable":true,"href":"https:\/\/vamosfluir.com.br\/site\/wp-json\/wp\/v2\/tags?post=665"}],"curies":[{"name":"wp","href":"https:\/\/api.w.org\/{rel}","templated":true}]}}