{"id":657,"date":"2021-05-27T12:00:58","date_gmt":"2021-05-27T15:00:58","guid":{"rendered":"http:\/\/vamosfluir.com.br\/site\/?p=657"},"modified":"2021-05-27T12:00:58","modified_gmt":"2021-05-27T15:00:58","slug":"fluindo-com-a-bruna-do-bordadoempoderado","status":"publish","type":"post","link":"https:\/\/vamosfluir.com.br\/site\/fluindo-com-a-bruna-do-bordadoempoderado\/","title":{"rendered":"Fluindo com a Bruna do @bordadoempoderado"},"content":{"rendered":"\n<p>A arte de bordar encanta os mais diversos olhares em uma sociedade que apresenta, na maior parte do tempo, rotinas corriqueiras e superficiais.\u00a0<\/p>\n\n\n\n<p>Mas voc\u00ea j\u00e1 imaginou o exerc\u00edcio dessa arte sendo feito h\u00e1 25 anos? Pois \u00e9, esse \u00e9 o talento da convidada para essa conversa: a Bruna do @bordadoempoderado! Assim, ao contar um pouco de sua trajet\u00f3ria durante esses 25 anos, ela relatou como foi o processo para come\u00e7ar a bordar:<\/p>\n\n\n\n<p>\u201cComecei a bordar com 8 pra 9 anos, em umas f\u00e9rias de ver\u00e3o, quando passei algumas semanas na casa da minha av\u00f3 em S\u00e3o Borja &#8211; minha fam\u00edlia materna \u00e9 de l\u00e1. Minha av\u00f3 sempre fez muitos bordados, especialmente enxovais para beb\u00ea em pontos miudinhos na cambraia. Eu era uma crian\u00e7a curiosa que tinha vontade de aprender tudo que via adultos fazendo. Assim, insisti at\u00e9 ela me ensinar. Ela ensinou pontos de bordado livre. Retornando das f\u00e9rias, descobri que minha madrinha fazia ponto cruz e ela me ensinou a t\u00e9cnica.\u201d\u00a0<\/p>\n\n\n\n<p>Dessa forma, Bruna explica que a t\u00e9cnica vem de fam\u00edlia e foi ensinada da melhor maneira poss\u00edvel! E esses ensinamentos trazem sentimentos al\u00e9m do aprendizado, como um tempo extra para passar com a fam\u00edlia, que se sentiu orgulhosa em poder fazer parte de toda a trajet\u00f3ria da nossa entrevistada, que hoje encanta com a sua arte.<\/p>\n\n\n\n<p>Mas al\u00e9m do talento para os bordados, a Bruna \u00e9 formada em Jornalismo, afirmando que tamb\u00e9m fez alguns semestres de Ci\u00eancia da Computa\u00e7\u00e3o. Assim, esse meio termo entre comunica\u00e7\u00e3o e tecnologia fez com que ela se encontrasse em meio aos blogs e redes sociais, desde as mais antigas. Ela nos contou como come\u00e7ou a trabalhar nas redes:<\/p>\n\n\n\n<p>\u201cQuando comecei a trabalhar com o bordado, em 2016, j\u00e1 criava conte\u00fado profissionalmente, como freelancer, para empresas. Ao iniciar meu empreendimento com bordado apenas apliquei o que j\u00e1 sabia &#8211; tratei minha marca como mais um cliente. Com o tempo o bordado me deu muito mais retorno (financeiro e pessoal), acabei encerrando os contratos com os clientes antigos.\u201d<\/p>\n\n\n\n<p>E para as redes sociais, ela acertou na escolha do nome, optando por \u201cbordado empoderado\u201d, visto que demonstra tamb\u00e9m sua trajet\u00f3ria de vida e oportunidade para expressar suas cren\u00e7as pol\u00edticas.\u00a0<\/p>\n\n\n\n<p>\u201cEm 2016, quando comecei a empresa, queria primordialmente encontrar mulheres feministas em um ambiente seguro para conversar e criar arte que nos representasse. Escolhi esse nome por sentir que atrairia alunas alinhadas politicamente e estava certa. Eu n\u00e3o trabalharia com bordado se n\u00e3o houvesse a possibilidade de trazer a tematica feminista atrelada a ele. O bordado, a t\u00e9cnica em si, est\u00e1 conectado com a minha hist\u00f3ria pessoal por causa da minha rela\u00e7\u00e3o desde t\u00e3o nova e pelas mulheres da minha fam\u00edlia. Mas, se eu n\u00e3o pudesse de alguma forma transformar essa t\u00e9cnica em algo que expressasse minhas cren\u00e7as pol\u00edticas, eu nem teria come\u00e7ado o projeto.\u201d<\/p>\n\n\n\n<p>Ent\u00e3o, engajando todo esse p\u00fablico ligado ao feminismo e \u00e0 representatividade, ela conquistou diversos olhares ao entender o conte\u00fado como parte do trabalho. Assim, ela destina um tempo para agendar postagens, fotografar, pensar em assuntos que possam ser do interesse do p\u00fablico. Ela nos conta quais artif\u00edcios ela usa para criar maior conex\u00e3o com os seguidores:<\/p>\n\n\n\n<p>\u201cSempre tentei aproximar ao m\u00e1ximo o meu conte\u00fado da minha viv\u00eancia como artista, mostrando bastidores, refer\u00eancias e criando conex\u00f5es com outras marcas de mulheres.&nbsp;Mas fa\u00e7o isso de forma a n\u00e3o me sentir prisioneira das redes. O meu bem estar vem em primeiro lugar, seguido dos trabalhos da vida real (bordar, fazer pacotes das vendas, atualizar o site, controlar estoque,&#8230;), s\u00f3 depois vem as redes.\u201d<\/p>\n\n\n\n<p>E com essa comunica\u00e7\u00e3o e v\u00ednculo com o p\u00fablico, preservando sua sa\u00fade mental, ela nos d\u00e1 algumas dicas para quem est\u00e1 come\u00e7ando a usar as redes sociais como vitrine:<\/p>\n\n\n\n<p>\u201cAcho que \u00e9 importante n\u00e3o estar apenas no instagram. O instagram \u00e9 terreno alugado que logo n\u00e3o vai mais nem valer a pena alugar. Ter um lugar de conex\u00e3o direta com o p\u00fablico \u00e9 essencial: ter as informa\u00e7\u00f5es de email e telefone dos clientes, ter formas de chegar at\u00e9 esse p\u00fablico para al\u00e9m das redes \u00e9 essencial nessa realidade onde a cada dia o algoritmo cobra algo novo da gente para entregar nosso conte\u00fado.\u201d<\/p>\n\n\n\n<p>Ademais, a Bruna tamb\u00e9m nos contou um pouco sobre como foi a adapta\u00e7\u00e3o desse trabalho e a presen\u00e7a nas redes sociais em meio \u00e0 pandemia da Covid-19.\u00a0<\/p>\n\n\n\n<p>\u201cMinhas oficinas eram presenciais, precisei cancelar todas as datas e reajustar minha rota ano passado. Tentei me adaptar ao online, tentei dar aulas particulares por zoom, tentei criar turmas online mas acabei percebendo que esse tipo de trabalho tirava minha vontade de trabalhar com isso.<\/p>\n\n\n\n<p>Sou o tipo de pessoa que gosta de inventar produtos e servi\u00e7os. Amo ter ideias e testar o que \u00e9 vi\u00e1vel ou interessante para mim e para o p\u00fablico. Por isso, j\u00e1 tinha na manga alguns produtos criados que poderiam ser adaptados para a realidade do confinamento. Um deles foi o kit de bordado para iniciantes que foi sucesso de vendas ano passado e segue sendo vendido no meu site at\u00e9 hoje. Segui fazendo as vendas de materiais de bordado, j\u00e1 que meu p\u00fablico de alunas seguia buscando por esses materiais. E decidi tamb\u00e9m, voltar a fazer encomendas e\u00a0 bordados para venda pronta-entrega em formato de cole\u00e7\u00f5es.<\/p>\n\n\n\n<p>Sobre a minha presen\u00e7a nas redes, uma grande mudan\u00e7a foi na const\u00e2ncia: decidi que a minha sa\u00fade mental valia (e segue valendo) mais do que estar sempre presente nas redes.\u201d<\/p>\n\n\n\n<p>Para ela, a adapta\u00e7\u00e3o n\u00e3o foi f\u00e1cil, e muitas vezes essa incerteza com rela\u00e7\u00e3o ao futuro nos deixa apreensivos para uma transi\u00e7\u00e3o para o online. Por isso, \u00e9 de extrema import\u00e2ncia dar aten\u00e7\u00e3o ao que gostamos ou n\u00e3o de fazer, para que se possa continuar exercendo o trabalho com muito amor.<\/p>\n\n\n\n<p>Ficamos muito felizes em conhecer a hist\u00f3ria da pessoa que existe por tr\u00e1s do \u201cbordado empoderado\u201d, que encanta diversas pessoas em suas redes! Juntamente com todo esse amor e dedica\u00e7\u00e3o envolvidos, fica dif\u00edcil n\u00e3o se apaixonar pelo trabalho dela, n\u00e9?<br><\/p>\n","protected":false},"excerpt":{"rendered":"<p>A arte de bordar encanta os mais diversos olhares em uma sociedade que apresenta, na maior parte do tempo, rotinas<span class=\"excerpt-hellip\"> [\u2026]<\/span><\/p>\n","protected":false},"author":1,"featured_media":658,"comment_status":"open","ping_status":"open","sticky":false,"template":"","format":"standard","meta":[],"categories":[7,4],"tags":[],"_links":{"self":[{"href":"https:\/\/vamosfluir.com.br\/site\/wp-json\/wp\/v2\/posts\/657"}],"collection":[{"href":"https:\/\/vamosfluir.com.br\/site\/wp-json\/wp\/v2\/posts"}],"about":[{"href":"https:\/\/vamosfluir.com.br\/site\/wp-json\/wp\/v2\/types\/post"}],"author":[{"embeddable":true,"href":"https:\/\/vamosfluir.com.br\/site\/wp-json\/wp\/v2\/users\/1"}],"replies":[{"embeddable":true,"href":"https:\/\/vamosfluir.com.br\/site\/wp-json\/wp\/v2\/comments?post=657"}],"version-history":[{"count":0,"href":"https:\/\/vamosfluir.com.br\/site\/wp-json\/wp\/v2\/posts\/657\/revisions"}],"wp:featuredmedia":[{"embeddable":true,"href":"https:\/\/vamosfluir.com.br\/site\/wp-json\/"}],"wp:attachment":[{"href":"https:\/\/vamosfluir.com.br\/site\/wp-json\/wp\/v2\/media?parent=657"}],"wp:term":[{"taxonomy":"category","embeddable":true,"href":"https:\/\/vamosfluir.com.br\/site\/wp-json\/wp\/v2\/categories?post=657"},{"taxonomy":"post_tag","embeddable":true,"href":"https:\/\/vamosfluir.com.br\/site\/wp-json\/wp\/v2\/tags?post=657"}],"curies":[{"name":"wp","href":"https:\/\/api.w.org\/{rel}","templated":true}]}}