{"id":649,"date":"2021-05-20T12:00:41","date_gmt":"2021-05-20T15:00:41","guid":{"rendered":"http:\/\/vamosfluir.com.br\/site\/?p=649"},"modified":"2021-05-20T12:00:41","modified_gmt":"2021-05-20T15:00:41","slug":"fluindo-com-a-ilustradora-sementes-selvagens","status":"publish","type":"post","link":"https:\/\/vamosfluir.com.br\/site\/fluindo-com-a-ilustradora-sementes-selvagens\/","title":{"rendered":"Fluindo com a ilustradora Sementes Selvagens"},"content":{"rendered":"\n<p>Al\u00e9m de encantar diversas pessoas com o seu carisma e bom humor, a Hari \u00e9 uma excelente artista! Com todo o seu talento, ela faz parte da equipe da Fluir, fazendo artes maravilhosas com a gente! Por isso, o \u201cFluindo com&#8230;\u201d dessa semana n\u00e3o poderia ser com outra pessoa!<\/p>\n\n\n\n<p>E para encantar mais olhares por a\u00ed, em 2019, a Hari criou um perfil no Instagram para publicar as suas artes, se inspirando em uma frase do livro \u201cMulheres que Correm com os Lobos\u201d. Ela nos conta:<\/p>\n\n\n\n<p>\u201cA frase dessa obra diz: <em>\u2018Fomos mantidas como jardins sem cultivo, mas felizmente sempre chega uma semente selvagem trazida pelo vento\u2019<\/em>. Acho que a ideia \u00e9 ser essa Semente Selvagem na vida de outras mulheres, e levar a informa\u00e7\u00e3o ou inspira\u00e7\u00e3o que estava faltando pra ela florescer, sabe?\u201d<\/p>\n\n\n\n<p>E assim, o nome do seu perfil tornou-se @sementesselvagens. Mas a ideia de ter o perfil n\u00e3o surgiu de repente e\u00a0 sim\u00a0 de vontades que a mesma j\u00e1 tinha:<\/p>\n\n\n\n<p>\u201cO perfil surgiu de duas vontades que eu tinha: compartilhar minha arte e falar sobre feminismo. Eu sempre amei desenhar e principalmente colocar minhas ideias e imagina\u00e7\u00e3o na arte. Quando comecei a estudar e me apaixonar pelo feminismo eu sentia que muitas vezes n\u00e3o era compreendida, ent\u00e3o foi unindo essas duas paix\u00f5es que surgiu a ideia do Sementes Selvagens e que eu consegui me expressar da forma que sempre quis.\u201d<\/p>\n\n\n\n<p>Pelo nome de seu perfil e grande inspira\u00e7\u00e3o em uma obra feminista, \u00e9 poss\u00edvel notar a criatividade da Hari, que foi constru\u00edda ao longo de suas refer\u00eancias e inspira\u00e7\u00f5es, que n\u00e3o fogem daquilo que ela acredita.\u00a0<\/p>\n\n\n\n<p>\u201cMe inspiro muito nas mulheres \u00e0 minha volta e no que eu aprendi (e continuo aprendendo) com elas, em livros de teoria feminista e outras fontes de informa\u00e7\u00e3o. Tento fazer essa mistura entre um conte\u00fado mais te\u00f3rico e &#8220;dif\u00edcil&#8221; e algo mais leve e acess\u00edvel.&nbsp;<\/p>\n\n\n\n<p>Tenho como refer\u00eancia mulheres que conseguem viver de arte e transformar o mundo de alguma forma com ela: Pri Barbosa, Lela Brand\u00e3o, Nanaths\u2026 Tento preencher minhas redes sociais com essas mulheres pra sempre lembrar que \u00e9 poss\u00edvel seguir nesse caminho.\u201d<\/p>\n\n\n\n<p>Fica dif\u00edcil n\u00e3o se apaixonar pelas refer\u00eancias que ela traz em seu perfil e, juntamente com o seu talento, ela conquista diversos olhares diariamente. Assim, ela constr\u00f3i sua rela\u00e7\u00e3o com o p\u00fablico de maneira interativa, abrindo espa\u00e7o para ideias de conte\u00fado, opini\u00f5es, relatos, ideias para personagens, entre outros.<\/p>\n\n\n\n<p>\u201cComecei no Instagram querendo mostrar meus desenhos e talvez ganhar uns likes, mas fui entendendo que o que eu queria construir n\u00e3o dependia s\u00f3 de mim. Hoje vejo o Sementes Selvagens como uma comunidade, porque as mulheres que me seguem participam da cria\u00e7\u00e3o dele tamb\u00e9m. [&#8230;] Fiz amizades tamb\u00e9m e me motivo todos os dias pelas mensagens que recebo. Acho que uma das coisas que n\u00e3o me deixou pirar nessa pandemia foi o apoio que recebo delas.\u201d<\/p>\n\n\n\n<p>Mas para conseguir conciliar a cria\u00e7\u00e3o de conte\u00fado para seu Instagram de arte com sua rotina de estudante e trabalho, n\u00e3o foi f\u00e1cil. Por isso, ela nos conta:<\/p>\n\n\n\n<p>\u201cNo in\u00edcio eu s\u00f3 deixei fluir mas chegou um momento em que precisei me organizar. Acho que a gest\u00e3o de tempo \u00e9 importante e por isso comecei a planejar e ter um controle maior do conte\u00fado do Sementes. Mas uma das maiores dificuldades talvez seja a gest\u00e3o de criatividade. Eu estudo Design, ent\u00e3o preciso ser criativa, e muitas vezes desenhar para a faculdade tamb\u00e9m, e a\u00ed juntando est\u00e1gio e trabalhos por fora \u00e0s vezes a \u00faltima coisa que eu queria fazer quando tinha tempo &#8220;livre&#8221; era desenhar. Nos \u00faltimos meses eu tenho tentado anotar todas as minhas ideias mesmo que n\u00e3o tenha vontade de execut\u00e1-las no momento. Deixo elas em uma listinha e aproveito os momentos de produtividade pra colocar tudo em a\u00e7\u00e3o, mas n\u00e3o me for\u00e7o a produzir quando n\u00e3o quero. Isso me ajudou bastante.\u201d<\/p>\n\n\n\n<p>E claro que tamb\u00e9m pedimos para a Hari uma dica para quem est\u00e1 come\u00e7ando a produzir conte\u00fado para o Instagram!\u00a0<\/p>\n\n\n\n<p>\u201cEu passei muitos anos me sentindo insegura e morrendo de vergonha de mostrar meus desenhos, ent\u00e3o minha dica sempre \u00e9 come\u00e7ar mesmo que n\u00e3o esteja t\u00e3o bom. \u00c9 justamente no processo que tu vai evoluir! Acho que na arte tamb\u00e9m \u00e9 muito comum se comparar e querer ter os resultados de outras pessoas e isso nos impede de arriscar e encontrar nosso pr\u00f3prio caminho. Ent\u00e3o \u00e9 importante saber diferenciar uma refer\u00eancia de uma compara\u00e7\u00e3o que s\u00f3 vai te colocar pra baixo. O mais importante n\u00e3o \u00e9 ter o tra\u00e7o ou a quantidade de seguidores que outra pessoa tem, e sim estar mais feliz com o que voc\u00ea tem hoje do que com o que tinha ontem e focar na sua evolu\u00e7\u00e3o!\u201d<\/p>\n\n\n\n<p>E ent\u00e3o, nota-se que, al\u00e9m da aptid\u00e3o para a arte, a Hari tamb\u00e9m \u00e9 uma mulher aut\u00eantica, criativa, com \u00f3timas refer\u00eancias e que escreve com o cora\u00e7\u00e3o, e justamente por isso ela vai continuar encantando pessoas \u00e0 sua volta!<\/p>\n","protected":false},"excerpt":{"rendered":"<p>Al\u00e9m de encantar diversas pessoas com o seu carisma e bom humor, a Hari \u00e9 uma excelente artista! Com todo<span class=\"excerpt-hellip\"> [\u2026]<\/span><\/p>\n","protected":false},"author":1,"featured_media":650,"comment_status":"open","ping_status":"open","sticky":false,"template":"","format":"standard","meta":[],"categories":[7,4],"tags":[],"_links":{"self":[{"href":"https:\/\/vamosfluir.com.br\/site\/wp-json\/wp\/v2\/posts\/649"}],"collection":[{"href":"https:\/\/vamosfluir.com.br\/site\/wp-json\/wp\/v2\/posts"}],"about":[{"href":"https:\/\/vamosfluir.com.br\/site\/wp-json\/wp\/v2\/types\/post"}],"author":[{"embeddable":true,"href":"https:\/\/vamosfluir.com.br\/site\/wp-json\/wp\/v2\/users\/1"}],"replies":[{"embeddable":true,"href":"https:\/\/vamosfluir.com.br\/site\/wp-json\/wp\/v2\/comments?post=649"}],"version-history":[{"count":0,"href":"https:\/\/vamosfluir.com.br\/site\/wp-json\/wp\/v2\/posts\/649\/revisions"}],"wp:featuredmedia":[{"embeddable":true,"href":"https:\/\/vamosfluir.com.br\/site\/wp-json\/"}],"wp:attachment":[{"href":"https:\/\/vamosfluir.com.br\/site\/wp-json\/wp\/v2\/media?parent=649"}],"wp:term":[{"taxonomy":"category","embeddable":true,"href":"https:\/\/vamosfluir.com.br\/site\/wp-json\/wp\/v2\/categories?post=649"},{"taxonomy":"post_tag","embeddable":true,"href":"https:\/\/vamosfluir.com.br\/site\/wp-json\/wp\/v2\/tags?post=649"}],"curies":[{"name":"wp","href":"https:\/\/api.w.org\/{rel}","templated":true}]}}