{"id":643,"date":"2021-05-13T10:00:56","date_gmt":"2021-05-13T13:00:56","guid":{"rendered":"http:\/\/vamosfluir.com.br\/site\/?p=643"},"modified":"2021-05-13T10:00:56","modified_gmt":"2021-05-13T13:00:56","slug":"fluindo-com-a-dermatologista-patricia-salenave","status":"publish","type":"post","link":"https:\/\/vamosfluir.com.br\/site\/fluindo-com-a-dermatologista-patricia-salenave\/","title":{"rendered":"Fluindo com a dermatologista Patr\u00edcia Salenave"},"content":{"rendered":"\n<p>A dermatologista <a href=\"https:\/\/www.instagram.com\/patisalenave_dermato\/\">Patr\u00edcia Royes Salenave<\/a> \u00e9 m\u00e9dica formada pela UFRGS e, al\u00e9m de encantar diversas pessoas com seus cuidados e qualifica\u00e7\u00f5es especiais, ela cuida das suas redes sociais e compartilha conhecimentos sobre dermatologia com seu p\u00fablico! Ela nos contou que sua carreira e profiss\u00e3o n\u00e3o foram uma certeza desde sempre, mas que surgiu em um momento de d\u00favida na sua vida. Com suas pr\u00f3prias palavras, \u00e9 poss\u00edvel perceber todo o amor envolvido nessa escolha:<\/p>\n\n\n\n<p>\u201cMe formei em medicina na UFRGS em 2000 e fiz resid\u00eancia de Pediatria no HCPA, que era o que eu queria! Mas durante essa \u00e9poca, houve uma Jornada de Dermato Pediatria. Amei!! Fiz meu m\u00eas de opcional no servi\u00e7o de Dermato e AMEEEEEIIIIIII!!!!!!! Acabou ali minha d\u00favida em rela\u00e7\u00e3o \u00e0 profiss\u00e3o! Acabei a minha resid\u00eancia de Pediatria e fiz a prova da Dermato!!! \u2764\ufe0f A Dermato \u00e9 uma especialidade completa, como costumo dizer. Atendemos pacientes de todas as idades. Dentro da Dermatologia fazemos cl\u00ednica, cirurgia e est\u00e9tica! \u00c9 muito din\u00e2mica, n\u00e3o tem \u201ct\u00e9dio\u201d kkkkkkk.\u201d<\/p>\n\n\n\n<p>E esse amor pela dermatologia \u00e9 um ponto muito importante no sucesso profissional da Patr\u00edcia, que conta com diversos pacientes que entendem a qualidade e profissionalidade de seus servi\u00e7os! E com todos esses diferenciais, \u00e9 dif\u00edcil n\u00e3o querer ver mais da rotina dela, n\u00e9?<\/p>\n\n\n\n<p>Foi assim que ela come\u00e7ou a compartilhar sua rotina nas redes sociais e trazer mais conhecimento para diversas pessoas interessadas no assunto! Ela nos contou que ter uma p\u00e1gina no Instagram nunca foi seu desejo, mas sim uma insist\u00eancia de sua s\u00f3cia, para que ela pudesse compartilhar sua trajet\u00f3ria.<\/p>\n\n\n\n<p>\u201cQuando resolvi fazer um Instagram espec\u00edfico para Dermato, fiz outra conta, dessa vez aberta! A partir de ent\u00e3o vi que era um caminho sem volta! Tipo vitrine, tem que estar l\u00e1! Senti que as pessoas precisavam tamb\u00e9m de informa\u00e7\u00f5es gerais sobre Dermato! Vi que meus pacientes gostavam daquilo! O que mais me motivou foi ver o interesse das pessoas em rela\u00e7\u00e3o aos assuntos.\u201d<\/p>\n\n\n\n<p>A Patr\u00edcia tem total conhecimento de que estar presente nas redes sociais \u00e9 interessante, e tamb\u00e9m \u00e9 um diferencial para o seu trabalho. Ela afirma que a sua rela\u00e7\u00e3o com os seguidores e pacientes nas redes flui de uma maneira bem livre, deixando eles \u00e0 vontade para fazerem perguntas. A dermatologista afirma que sempre os responde e que ama essa troca! Ela comentou com a gente um pouco sobre o diferencial de estar nas redes:<\/p>\n\n\n\n<p>\u201cEu acho que o que me diferencia \u00e9 falar a l\u00edngua deles (seguidores\/pacientes), sem inventar muito, sendo bem como eu sou. Muita gente, que n\u00e3o me conhece, deve at\u00e9 estranhar, mas eu sou assim no consult\u00f3rio tamb\u00e9m, acho que o paciente tem que sair entendendo o que est\u00e1 acontecendo. E falar \u201cmediqu\u00eas\u201d n\u00e3o ajuda muito.\u201d<\/p>\n\n\n\n<p>A m\u00e9dica considera importante estar nas redes, para mostrar toda sua jornada, com dicas e hist\u00f3rias que gerem identifica\u00e7\u00e3o das pessoas. E assim, ela nos conta que as pessoas est\u00e3o sim interessadas em te conhecer antes de consultar, por isso a import\u00e2ncia de estar presente no meio digital.<\/p>\n\n\n\n<p>\u201cAcho importante estar presente nas redes, n\u00e3o adianta, as pessoas querem isso, querem saber quem tu \u00e9s antes de ir consultar! Muitas vezes recebo algu\u00e9m que diz \u201ceu j\u00e1 te sigo e adoro tuas dicas\u201d isso \u00e9 muito legal, pois estimula a gente a continuar!\u201d<\/p>\n\n\n\n<p>E justamente por ser uma excelente m\u00e9dica dermatologista, que encanta diversas pessoas diariamente nas suas redes sociais, ela deixa uma dica para aqueles que desejam entrar para esse mundo das m\u00eddias:<\/p>\n\n\n\n<p>\u201cA dica mais importante como m\u00e9dica&nbsp; \u00e9: seja humano!! E para as redes&#8230; n\u00e3o cria um personagem, seja quem tu \u00e9s mesmo! Mostra a verdade sobre ti!!!\u201d<br><\/p>\n","protected":false},"excerpt":{"rendered":"<p>A dermatologista Patr\u00edcia Royes Salenave \u00e9 m\u00e9dica formada pela UFRGS e, al\u00e9m de encantar diversas pessoas com seus cuidados e<span class=\"excerpt-hellip\"> [\u2026]<\/span><\/p>\n","protected":false},"author":1,"featured_media":644,"comment_status":"open","ping_status":"open","sticky":false,"template":"","format":"standard","meta":[],"categories":[7,4],"tags":[],"_links":{"self":[{"href":"https:\/\/vamosfluir.com.br\/site\/wp-json\/wp\/v2\/posts\/643"}],"collection":[{"href":"https:\/\/vamosfluir.com.br\/site\/wp-json\/wp\/v2\/posts"}],"about":[{"href":"https:\/\/vamosfluir.com.br\/site\/wp-json\/wp\/v2\/types\/post"}],"author":[{"embeddable":true,"href":"https:\/\/vamosfluir.com.br\/site\/wp-json\/wp\/v2\/users\/1"}],"replies":[{"embeddable":true,"href":"https:\/\/vamosfluir.com.br\/site\/wp-json\/wp\/v2\/comments?post=643"}],"version-history":[{"count":0,"href":"https:\/\/vamosfluir.com.br\/site\/wp-json\/wp\/v2\/posts\/643\/revisions"}],"wp:featuredmedia":[{"embeddable":true,"href":"https:\/\/vamosfluir.com.br\/site\/wp-json\/"}],"wp:attachment":[{"href":"https:\/\/vamosfluir.com.br\/site\/wp-json\/wp\/v2\/media?parent=643"}],"wp:term":[{"taxonomy":"category","embeddable":true,"href":"https:\/\/vamosfluir.com.br\/site\/wp-json\/wp\/v2\/categories?post=643"},{"taxonomy":"post_tag","embeddable":true,"href":"https:\/\/vamosfluir.com.br\/site\/wp-json\/wp\/v2\/tags?post=643"}],"curies":[{"name":"wp","href":"https:\/\/api.w.org\/{rel}","templated":true}]}}