{"id":622,"date":"2021-04-22T12:00:34","date_gmt":"2021-04-22T15:00:34","guid":{"rendered":"http:\/\/vamosfluir.com.br\/site\/?p=622"},"modified":"2021-04-22T12:00:34","modified_gmt":"2021-04-22T15:00:34","slug":"fluindo-com-a-marca-la-luna","status":"publish","type":"post","link":"https:\/\/vamosfluir.com.br\/site\/fluindo-com-a-marca-la-luna\/","title":{"rendered":"Fluindo com a marca La Luna"},"content":{"rendered":"\n<p>Uma ideia totalmente espont\u00e2nea, com um pouco de conhecimento das aulas de Marketing e pequenos cursos de Branding: foi assim que surgiu a <a href=\"https:\/\/www.instagram.com\/laluna.thebrand\/\">La Luna<\/a>.\u00a0<\/p>\n\n\n\n<p>Em dezembro de 2019, no final da gradua\u00e7\u00e3o de Jornalismo, a <a href=\"https:\/\/www.instagram.com\/naeshacarvalho\/\">Naesha<\/a> ganhou um biqu\u00edni com uma modelagem super diferente e percebeu uma oportunidade. Ela foi atr\u00e1s do fornecedor e, em apenas uma semana, criou o Instagram da marca e come\u00e7ou a revender os biqu\u00ednis.\u00a0<\/p>\n\n\n\n<p>A lalu, como \u00e9 carinhosamente apelidada, surgiu no meio digital, e a Naesha nos contou um pouco do papel das redes sociais nesse processo:\u00a0<\/p>\n\n\n\n<p>\u201cN\u00e3o foi nada muito planejado. As redes sociais, principalmente o Instagram (que foi onde a La Luna come\u00e7ou) \u00e9 o pilar de tudo que eu tenho constru\u00eddo. Acho que ser heavy user real de m\u00eddias sociais me deu ainda mais coragem de criar a marca por sempre ter observado e acompanhado outras marcas em atua\u00e7\u00e3o digital, ent\u00e3o eu me \u201cgarantia\u201d nessa quest\u00e3o.\u201d<\/p>\n\n\n\n<p>Foi quando a La Luna parou de revender biqu\u00ednis e come\u00e7ou a sua confec\u00e7\u00e3o pr\u00f3pria, com foco na moda consciente, que a Naesha percebeu a import\u00e2ncia de produzir conte\u00fado para o Instagram, al\u00e9m de mostrar as pe\u00e7as dispon\u00edveis na loja.\u00a0<\/p>\n\n\n\n<p>\u201cQueria falar sobre slow fashion e valoriza\u00e7\u00e3o da moda, foi o ponto de partida para uma verdadeira comunidade que eu tenho criado na La Luna. Depois disso, as \u2018gurias\u2019 (clientes) come\u00e7aram a se identificar com a marca, engajar, elogiar e pedir diversos conte\u00fados. E como eu j\u00e1 tinha experi\u00eancia com isso por ter estagiado em outras empresas como social media acabou sendo mais f\u00e1cil.\u201d<\/p>\n\n\n\n<p>Recentemente, a La Luna passou por um processo de rebranding, dando uma repaginada na identidade visual, mas ainda sendo uma marca jovem, amiga, acess\u00edvel, divertida, casual e estilosa. A Naesha nos explicou o motivo de ter decidido fazer essas mudan\u00e7as:<\/p>\n\n\n\n<p>\u201cComo eu descrevi antes, o in\u00edcio da La Luna foi meio do nada. Eu que tinha criado a \u2018identidade visual\u2019 e meu \u00fanico investimento tinha sido em pe\u00e7as gr\u00e1ficas. Com o tempo, os conte\u00fados, as clientes, as roupas e o conjunto disso tudo, senti uma baita necessidade de dar uma nova cara para a lalu que fizesse sentido! Eu achava que a antiga id visual n\u00e3o estava acompanhando o ritmo de crescimento. Investi em uma empresa de design para criar essa nova fase e a parte conceitual eu que estruturei.\u201d<\/p>\n\n\n\n<p>Se ainda n\u00e3o deu para perceber, a gente vai refor\u00e7ar: a lalu \u00e9 uma marca pensada e produzida por mulheres, e a Naesha (obviamente) \u00e9 uma pe\u00e7a muito importante. Fora a parte de modelagem e costura, \u00e9 ela quem faz todo o resto. Olha s\u00f3 o que ela nos falou sobre isso:<\/p>\n\n\n\n<p>\u201cJ\u00e1 faz um tempo que eu n\u00e3o sei o que \u00e9 fim de semana e hor\u00e1rio de trabalho, mas n\u00e3o existe sentimento melhor do que o orgulho de tudo que eu tenho constru\u00eddo na marca. O site melhorou muiiito a minha vida, 99% das vendas s\u00e3o por l\u00e1. Isso deu uma automatizada no processo de atendimento, mas algumas gurias ainda me chamam para perguntar informa\u00e7\u00f5es, fazer pedido por direct ou simplesmente para conversar. J\u00e1 tive uma social media quando eu tava pegando o ritmo de tudo. Atualmente, eu que produzo todos os conte\u00fados do Instagram!\u201d<\/p>\n\n\n\n<p>Para finalizar o post de hoje, a Naesha, que \u00e9 um exemplo de girl power, deixou um combo de dicas para as mulheres que querem empreender. Confere:<\/p>\n\n\n\n<p>\u201cPlanejamento \u00e9 essencial, mas n\u00e3o \u00e9 tudo. Tem que ter bastante coragem e \u00e0s vezes a vontade de desistir vai aparecer. O principal \u00e9 ACREDITAR no que tu faz e em tudo que tu fala. Tornar a melhor experi\u00eancia poss\u00edvel, seja com quem comprou R$5 ou R$500 no site. E ter a contabilidade em dia! Nenhuma empresa vive de amor e likes.\u201d<\/p>\n\n\n\n<p>Baita inspira\u00e7\u00e3o, n\u00e9?<br><\/p>\n","protected":false},"excerpt":{"rendered":"<p>Uma ideia totalmente espont\u00e2nea, com um pouco de conhecimento das aulas de Marketing e pequenos cursos de Branding: foi assim<span class=\"excerpt-hellip\"> [\u2026]<\/span><\/p>\n","protected":false},"author":1,"featured_media":623,"comment_status":"open","ping_status":"open","sticky":false,"template":"","format":"standard","meta":[],"categories":[7,4],"tags":[],"_links":{"self":[{"href":"https:\/\/vamosfluir.com.br\/site\/wp-json\/wp\/v2\/posts\/622"}],"collection":[{"href":"https:\/\/vamosfluir.com.br\/site\/wp-json\/wp\/v2\/posts"}],"about":[{"href":"https:\/\/vamosfluir.com.br\/site\/wp-json\/wp\/v2\/types\/post"}],"author":[{"embeddable":true,"href":"https:\/\/vamosfluir.com.br\/site\/wp-json\/wp\/v2\/users\/1"}],"replies":[{"embeddable":true,"href":"https:\/\/vamosfluir.com.br\/site\/wp-json\/wp\/v2\/comments?post=622"}],"version-history":[{"count":0,"href":"https:\/\/vamosfluir.com.br\/site\/wp-json\/wp\/v2\/posts\/622\/revisions"}],"wp:featuredmedia":[{"embeddable":true,"href":"https:\/\/vamosfluir.com.br\/site\/wp-json\/"}],"wp:attachment":[{"href":"https:\/\/vamosfluir.com.br\/site\/wp-json\/wp\/v2\/media?parent=622"}],"wp:term":[{"taxonomy":"category","embeddable":true,"href":"https:\/\/vamosfluir.com.br\/site\/wp-json\/wp\/v2\/categories?post=622"},{"taxonomy":"post_tag","embeddable":true,"href":"https:\/\/vamosfluir.com.br\/site\/wp-json\/wp\/v2\/tags?post=622"}],"curies":[{"name":"wp","href":"https:\/\/api.w.org\/{rel}","templated":true}]}}