{"id":580,"date":"2021-03-18T11:58:12","date_gmt":"2021-03-18T14:58:12","guid":{"rendered":"http:\/\/vamosfluir.com.br\/site\/?p=580"},"modified":"2021-03-18T11:58:12","modified_gmt":"2021-03-18T14:58:12","slug":"fluindo-com-a-ativista-ambiental-thays-do-nascimento","status":"publish","type":"post","link":"https:\/\/vamosfluir.com.br\/site\/fluindo-com-a-ativista-ambiental-thays-do-nascimento\/","title":{"rendered":"Fluindo com a ativista ambiental Thays do Nascimento"},"content":{"rendered":"\n<p>Optar pela sustentabilidade pode ser bem desafiador. Sabemos que, definitivamente, n\u00e3o \u00e9 o caminho mais f\u00e1cil. Por\u00e9m, \u00e9 um caminho muito necess\u00e1rio e aqueles que lutam por um planeta mais sustent\u00e1vel s\u00e3o merecedores de muita admira\u00e7\u00e3o.<\/p>\n\n\n\n<p>\u00c9 o caso da Thays, uma defensora ferrenha do meio ambiente, uma ativista ambiental e animal, como ela mesma se define. Tiramos o chap\u00e9u para a Thays s\u00f3 de ver o seu curr\u00edculo: mestre e bacharel em Administra\u00e7\u00e3o de empresas com linha de forma\u00e7\u00e3o em Marketing, doutoranda em Administra\u00e7\u00e3o de Empresas PUCRS, idealizadora e fundadora da Descarta F\u00e1cil, embaixadora e consultora do Instituto Lixo Zero Brasil, volunt\u00e1ria da Sociedade Vegetariana Brasileira\u2026 Ufa! E isso \u00e9 s\u00f3 uma parte!<\/p>\n\n\n\n<p> O seu <a href=\"https:\/\/www.instagram.com\/thaysdn\/\">Instagram <\/a>\u00e9 recheado desse conhecimento acumulado com muito trabalho e estudo.\u00a0<\/p>\n\n\n\n<p>\tSe voc\u00ea quer se tornar mais sustent\u00e1vel, recomendamos seguir a Thays.&nbsp;<\/p>\n\n\n\n<p>Com muita informa\u00e7\u00e3o e conte\u00fado de qualidade compartilhado nas redes, ela diz que brinca de ser influenciadora (brincadeira de gente grande, isso sim!)<\/p>\n\n\n\n<p>Sobre o seu trabalho nas redes sociais ela nos conta que &#8220;\u00e9 uma forma de eu treinar e expor minhas ideias de maneira estruturada. Me dedico muito na produ\u00e7\u00e3o de conte\u00fado com qualidade e refer\u00eancias dos artigos cient\u00edficos que eu leio, penso muito nessa dist\u00e2ncia da academia com as empresas e o que eu quero \u00e9 traduzir uma mensagem cient\u00edfica para as pessoas e para as empresas.\u201d Uma nobre e dif\u00edcil miss\u00e3o.<\/p>\n\n\n\n<p>A sua dica, como entusiasta das redes, \u00e9 &#8220;estudar muito! Conte\u00fados com embasamento com fontes, tirar boas fotos e explicar o mesmo conte\u00fado de v\u00e1rias maneiras. Pensar e estudar um pouco sobre cada rede social, como explorar todas as ferramentas, se posicionar e entender o seu mercado, humanizar o conte\u00fado e ser voc\u00ea mesma, e o principal \u00e9 n\u00e3o desistir.\u201d<\/p>\n\n\n\n<p>\tEla nos contou um pouco sobre o caminho que a trouxe at\u00e9 aqui.&nbsp;<\/p>\n\n\n\n<p>&#8220;Eu tinha um perfil bem focado no meu tema de pesquisa que \u00e9 compreender o processo de consumo de alimentos sustent\u00e1veis (alimenta\u00e7\u00e3o org\u00e2nica). Depois que mudei um pouco minha carreira no meio de 2020, estava com inten\u00e7\u00f5es de seguir na academia, professora, trabalhando em projetos de pesquisa e resolvi utilizar as Redes Sociais, tanto LinkedIn como o Instagram e TikTok para falar sobre Marketing Verde. Acabei estudando e fazendo cursos espec\u00edficos de Marketing Digital e resolvi tornar o meu perfil mais profissional e me dedicar na produ\u00e7\u00e3o de conte\u00fado sobre um assunto que estudo e vivo que \u00e9 Sustentabilidade, no caso trabalho muito com o Conceito de Marketing Verde. Avaliei tamb\u00e9m que existem poucas pessoas falando sobre o tema e da dificuldade das empresas em aplicar estrat\u00e9gias mais sustent\u00e1veis.\u201d<\/p>\n\n\n\n<p> Isso tudo surgiu de uma for\u00e7a interna que a impulsiona, o ativismo ambiental.<\/p>\n\n\n\n<p>&#8220;Eu acho que \u00e9 meu papel como uma cidad\u00e3 ativa, que faz parte da sociedade e que quer viver em harmonia com o Meio Ambiente e fico incomodada com as injusti\u00e7as e com a quest\u00e3o da Desigualdade Social, acredito que seria obrigat\u00f3rio que todos tenham as m\u00ednimas condi\u00e7\u00f5es de trabalho aqui pensando no exemplo dos Catadores que s\u00e3o protagonistas na parte da Sustentabilidade na nossa cidade.\u201d<\/p>\n\n\n\n<p>Para quem sente esse chamado da sustentabilidade, mas n\u00e3o sabe por onde come\u00e7ar, a Thays recomenda leveza.<\/p>\n\n\n\n<p>&#8220;Acho que tem que ser leve e divertido! Pensar que ningu\u00e9m \u00e9 perfeito. Aqui no Lixo Zero de Porto Alegre inclui a # #LixoZeroImperfeito, para as pessoas verem que ningu\u00e9m \u00e9 Lixo Zero, \u00e9 apenas um conceito a seguir. Reduzir, reciclar e repensar no seu consumo. Um simples comportamento de separar o seu res\u00edduo j\u00e1 ajuda muito o trabalho dos catadores. Fazer trocas: n\u00e3o comprar \u00e1gua e sim levar uma garrafa\u2026 Pensar sobre o que consumimos, os motivos do consumo. Refletir sobre o nosso papel na sociedade onde estamos inseridos. Nos questionar sobre as marcas, ser mais cr\u00edtico.\u201d<\/p>\n\n\n\n<p>E se voc\u00ea acha que est\u00e1 sozinha nessa luta pela sustentabilidade, a Thays nos conta que est\u00e1 vendo uma mudan\u00e7a positiva nos padr\u00f5es de comportamento de consumo da popula\u00e7\u00e3o.<\/p>\n\n\n\n<p>&#8220;Existem muitos estudos atuais que demonstram essa evolu\u00e7\u00e3o dos consumidores por empresas de \u201cprop\u00f3sito\u201d, saber de onde vem o produto, compreender sobre o ciclo de vida e o que fazer com o res\u00edduo produzido com esse produto. Muitos cobram das empresas Responsabilidade pela Log\u00edstica Reversa do produto que a empresa produz.\u201d<\/p>\n\n\n\n<p>\tA sustentabilidade pode ser um assunto pesado, mas a Thays nos d\u00e1 essa dose de esperan\u00e7a ao compartilhar com a gente essa sua perspectiva.&nbsp;<\/p>\n\n\n\n<p>\tTerminamos com uma dica da Fluir: a Thays tem muito mais a dizer, aqui s\u00f3 demos umas pinceladas da nossa conversa, ent\u00e3o, se voc\u00ea ficou interessada no que ela tem a dizer, segue ela l\u00e1 no insta.<br><\/p>\n","protected":false},"excerpt":{"rendered":"<p>Optar pela sustentabilidade pode ser bem desafiador. Sabemos que, definitivamente, n\u00e3o \u00e9 o caminho mais f\u00e1cil. Por\u00e9m, \u00e9 um caminho<span class=\"excerpt-hellip\"> [\u2026]<\/span><\/p>\n","protected":false},"author":1,"featured_media":581,"comment_status":"open","ping_status":"open","sticky":false,"template":"","format":"standard","meta":[],"categories":[7,4],"tags":[],"_links":{"self":[{"href":"https:\/\/vamosfluir.com.br\/site\/wp-json\/wp\/v2\/posts\/580"}],"collection":[{"href":"https:\/\/vamosfluir.com.br\/site\/wp-json\/wp\/v2\/posts"}],"about":[{"href":"https:\/\/vamosfluir.com.br\/site\/wp-json\/wp\/v2\/types\/post"}],"author":[{"embeddable":true,"href":"https:\/\/vamosfluir.com.br\/site\/wp-json\/wp\/v2\/users\/1"}],"replies":[{"embeddable":true,"href":"https:\/\/vamosfluir.com.br\/site\/wp-json\/wp\/v2\/comments?post=580"}],"version-history":[{"count":0,"href":"https:\/\/vamosfluir.com.br\/site\/wp-json\/wp\/v2\/posts\/580\/revisions"}],"wp:featuredmedia":[{"embeddable":true,"href":"https:\/\/vamosfluir.com.br\/site\/wp-json\/"}],"wp:attachment":[{"href":"https:\/\/vamosfluir.com.br\/site\/wp-json\/wp\/v2\/media?parent=580"}],"wp:term":[{"taxonomy":"category","embeddable":true,"href":"https:\/\/vamosfluir.com.br\/site\/wp-json\/wp\/v2\/categories?post=580"},{"taxonomy":"post_tag","embeddable":true,"href":"https:\/\/vamosfluir.com.br\/site\/wp-json\/wp\/v2\/tags?post=580"}],"curies":[{"name":"wp","href":"https:\/\/api.w.org\/{rel}","templated":true}]}}