{"id":575,"date":"2021-03-11T12:00:21","date_gmt":"2021-03-11T15:00:21","guid":{"rendered":"http:\/\/vamosfluir.com.br\/site\/?p=575"},"modified":"2021-03-11T12:00:21","modified_gmt":"2021-03-11T15:00:21","slug":"fluindo-com-a-mae-influenciadora-vanessa-guedert","status":"publish","type":"post","link":"https:\/\/vamosfluir.com.br\/site\/fluindo-com-a-mae-influenciadora-vanessa-guedert\/","title":{"rendered":"Fluindo com a m\u00e3e influenciadora Vanessa Guedert"},"content":{"rendered":"\n<p>Como toda m\u00e3e coruja que sente vontade de dividir com o mundo toda a fofura do seu filho e que gosta de compartilhar cada nova descoberta dessa pessoinha que \u00e9 t\u00e3o amada, a <a href=\"http:\/\/instagram.com\/vanessaguedert\">Vanessa Guedert <\/a>come\u00e7ou, de forma natural, a postar fotinhos do Bernardo, seu filho de 3 anos.\u00a0<\/p>\n\n\n\n<p>No in\u00edcio, ela diz, foi a pedido dos familiares do Brasil que morrem de saudade do pequeno, que mora com a m\u00e3e em Orlando, nos Estados Unidos, por\u00e9m, com o tempo, ela foi percebendo que mais e mais pessoas estavam seguindo o seu insta e come\u00e7ou a receber uma resposta muito positiva de desconhecidos que se apaixonaram (e como n\u00e3o se apaixonar, n\u00e3o \u00e9?) pelo Bernardo.<\/p>\n\n\n\n<p>&#8220;As pessoas amam acompanhar a rotina do Bernardo e os nossos passeios na Disney. \u00c9 muito gostoso e gratificante!\u201d<\/p>\n\n\n\n<p>\u00c9 claro que essa exposi\u00e7\u00e3o tem os seus lados negativos, a Vanessa nos confessou que sente medo &#8220;principalmente por ele! Infelizmente o mundo hoje est\u00e1 muito cheio de maldade, e n\u00e3o sabemos quem est\u00e1 por tr\u00e1s das redes!\u201d. H\u00e1 tamb\u00e9m os julgamentos de pessoas que n\u00e3o concordam com a exposi\u00e7\u00e3o, mas a Vanessa nos disse que o carinho e o amor que eles recebem pelas redes \u00e9 um ponto super positivo.<\/p>\n\n\n\n<p>A Vanessa \u00e9 super cuidadosa com o Bernardo, sempre respeitando o tempo dele. \u00c0s vezes ele n\u00e3o est\u00e1 afim de ter a sua foto tirada e est\u00e1 tudo bem, a prioridade dela \u00e9 sempre o bem estar do seu filho.<\/p>\n\n\n\n<p>Para as mam\u00e3es que tamb\u00e9m sentem vontade de compartilhar o dia a dia dos seus filhos e n\u00e3o sabem como come\u00e7ar, a Vanessa diz que o importante \u00e9 &#8220;ter bastante paci\u00eancia e saber que \u00e9 um trabalho que \u00e9 conquistado dia a dia! N\u00e3o se importe com o n\u00famero de seguidores e sim com o conte\u00fado que voc\u00ea vai mostrar para as pessoas.&#8221;<\/p>\n","protected":false},"excerpt":{"rendered":"<p>Como toda m\u00e3e coruja que sente vontade de dividir com o mundo toda a fofura do seu filho e que<span class=\"excerpt-hellip\"> [\u2026]<\/span><\/p>\n","protected":false},"author":1,"featured_media":576,"comment_status":"open","ping_status":"open","sticky":false,"template":"","format":"standard","meta":[],"categories":[7,4],"tags":[],"_links":{"self":[{"href":"https:\/\/vamosfluir.com.br\/site\/wp-json\/wp\/v2\/posts\/575"}],"collection":[{"href":"https:\/\/vamosfluir.com.br\/site\/wp-json\/wp\/v2\/posts"}],"about":[{"href":"https:\/\/vamosfluir.com.br\/site\/wp-json\/wp\/v2\/types\/post"}],"author":[{"embeddable":true,"href":"https:\/\/vamosfluir.com.br\/site\/wp-json\/wp\/v2\/users\/1"}],"replies":[{"embeddable":true,"href":"https:\/\/vamosfluir.com.br\/site\/wp-json\/wp\/v2\/comments?post=575"}],"version-history":[{"count":0,"href":"https:\/\/vamosfluir.com.br\/site\/wp-json\/wp\/v2\/posts\/575\/revisions"}],"wp:featuredmedia":[{"embeddable":true,"href":"https:\/\/vamosfluir.com.br\/site\/wp-json\/"}],"wp:attachment":[{"href":"https:\/\/vamosfluir.com.br\/site\/wp-json\/wp\/v2\/media?parent=575"}],"wp:term":[{"taxonomy":"category","embeddable":true,"href":"https:\/\/vamosfluir.com.br\/site\/wp-json\/wp\/v2\/categories?post=575"},{"taxonomy":"post_tag","embeddable":true,"href":"https:\/\/vamosfluir.com.br\/site\/wp-json\/wp\/v2\/tags?post=575"}],"curies":[{"name":"wp","href":"https:\/\/api.w.org\/{rel}","templated":true}]}}