{"id":572,"date":"2021-03-04T12:00:00","date_gmt":"2021-03-04T15:00:00","guid":{"rendered":"http:\/\/vamosfluir.com.br\/site\/?p=572"},"modified":"2021-03-04T12:00:00","modified_gmt":"2021-03-04T15:00:00","slug":"fluindo-com-a-plataforma-quarentena-em-paz","status":"publish","type":"post","link":"https:\/\/vamosfluir.com.br\/site\/fluindo-com-a-plataforma-quarentena-em-paz\/","title":{"rendered":"Fluindo com a plataforma Quarentena em Paz"},"content":{"rendered":"\n<p>A plataforma das gurias da <a href=\"http:\/\/instagram.com\/quarentenaempaz\">@quarentenaempaz<\/a> faz uma ponte entre quem procura a psicoterapia e psic\u00f3logos dispon\u00edveis a ajudar e, no insta, elas compartilham dicas de sa\u00fade mental.\u00a0<\/p>\n\n\n\n<p>A Ana Luc\u00eda e a Karina, idealizadoras do projeto, est\u00e3o na reta final do curso de psicologia da PUCRS e decidiram que era hora de agir mesmo antes da quarentena ser decretada.&nbsp;<\/p>\n\n\n\n<p>&#8220;A ideia surgiu por demandas de amigos e conhecidos que tiveram crises de ansiedade e de p\u00e2nico no in\u00edcio da pandemia, sem conseguir nomear suas sensa\u00e7\u00f5es e sentimentos, e, como consequ\u00eancia, n\u00e3o sabiam como lidar com eles!&#8221;<\/p>\n\n\n\n<p>No dia 17 de mar\u00e7o de 2020, percebendo, ent\u00e3o, o alto pre\u00e7o que a pandemia j\u00e1 estava cobrando da sa\u00fade mental das pessoas, chegaram \u00e0 conclus\u00e3o de que precisavam fazer alguma coisa.<\/p>\n\n\n\n<p>&#8220;Nosso objetivo, desde o princ\u00edpio, foi atrair as pessoas com um visual descomplicado, colorido e descontra\u00eddo, abordando conte\u00fados dif\u00edceis de serem acessados, como: crises de ansiedade, p\u00e2nico, depress\u00e3o, solid\u00e3o, procrastina\u00e7\u00e3o, luto e suic\u00eddio &#8211; aspectos que se acentuaram durante a quarentena!\u201d<\/p>\n\n\n\n<p>Quando conversamos com as gurias, elas confessaram: &#8220;n\u00e3o t\u00ednhamos muita ideia de como iria ser, mas ver que pod\u00edamos beneficiar pessoas com o que sab\u00edamos foi o que nos motivou e fez com que d\u00e9ssemos o primeiro e mais importante impulso.\u201d<\/p>\n\n\n\n<p>Abrimos um par\u00eanteses importante aqui: j\u00e1 n\u00e3o \u00e9 a primeira vez que nossas entrevistadas falam sobre esse primeiro impulso e como \u00e9 importante d\u00e1-lo o quanto antes, mesmo se sentindo insegura.<\/p>\n\n\n\n<p>Entendemos que a resposta das pessoas \u00e9 sempre muito importante, principalmente no in\u00edcio e, no caso das meninas da Quarentena em Paz, elas disseram que &#8220;a ideia foi validada desde o in\u00edcio, muitas pessoas mandaram feedbacks positivos e apoiaram a ideia! Ao longo dos posts e os guias pr\u00e1ticos que disponibilizamos, pessoas desconhecidas nos chamaram pelo direct para compartilhar sentimentos e situa\u00e7\u00f5es desconfort\u00e1veis que estavam passando!\u201d.<\/p>\n\n\n\n<p>Outro aspecto importante quando um projeto est\u00e1 no in\u00edcio s\u00e3o os ajustes de rota:<\/p>\n\n\n\n<p>&#8220;Acreditamos que, ao longo do projeto, fomos construindo novas ideias e um prop\u00f3sito se instaurou: ser uma plataforma ativa que ajude no manejo de crises emocionais \u2013 n\u00e3o apenas mais ansiedade e tristeza, mas tamb\u00e9m raiva, culpa, entre outras!\u201d<\/p>\n\n\n\n<p>&#8220;A ideia do produto final que desenvolvemos hoje \u00e9 uma plataforma de psic\u00f3logas do Quarentena em Paz, que est\u00e3o dispon\u00edveis no nosso site para marcar consultas, pois descobrimos que o acesso \u00e0 terapia hoje em dia \u00e9 baixo e que as pessoas, muitas vezes, n\u00e3o fazem terapia por n\u00e3o saberem onde buscar psic\u00f3logos que combinem com suas rendas! Existem muitas terapias acess\u00edveis e as pessoas precisam de um lugar confi\u00e1vel de buscar isso, e \u00e9 o que estamos criando! Selecionamos apenas psic\u00f3logas com muita \u00e9tica e que s\u00e3o bem qualificadas e flex\u00edveis para os valores financeiros das pessoas!\u201d<\/p>\n\n\n\n<p>Sobre o processo de cria\u00e7\u00e3o de conte\u00fado elas afirmam: &#8220;Sentimos que a nossa plataforma nos ajudou a sair da formalidade da psicologia! Aprendemos a falar com as pessoas, sendo simples para que as pessoas possam compreender a psicologia. Acreditamos que isso \u00e9 fundamental na modernidade, esse momento da hist\u00f3ria em que muitas pessoas est\u00e3o necessitando de conhecimento sobre sa\u00fade mental, tendo em vista os adoecimentos ps\u00edquicos frequentes no mundo inteiro. Queremos trazer isso para o nosso pr\u00f3prio consult\u00f3rio assim que formadas no final do ano. Queremos uma comunica\u00e7\u00e3o simplificada e f\u00e1cil com nossos pacientes! A cria\u00e7\u00e3o de conte\u00fado tem nos ajudado muito com isso. Al\u00e9m disso, sempre estamos solidificando mais e mais nossos estudos, pois sempre precisamos estar estudando para trazer para as pessoas conte\u00fados da psicologia, n\u00e3o paramos nunca!\u201d<\/p>\n\n\n\n<p>\u00c9 esse o esp\u00edrito! N\u00e3o parar nunca!<br><\/p>\n","protected":false},"excerpt":{"rendered":"<p>A plataforma das gurias da @quarentenaempaz faz uma ponte entre quem procura a psicoterapia e psic\u00f3logos dispon\u00edveis a ajudar e,<span class=\"excerpt-hellip\"> [\u2026]<\/span><\/p>\n","protected":false},"author":1,"featured_media":573,"comment_status":"open","ping_status":"open","sticky":false,"template":"","format":"standard","meta":[],"categories":[7,4],"tags":[],"_links":{"self":[{"href":"https:\/\/vamosfluir.com.br\/site\/wp-json\/wp\/v2\/posts\/572"}],"collection":[{"href":"https:\/\/vamosfluir.com.br\/site\/wp-json\/wp\/v2\/posts"}],"about":[{"href":"https:\/\/vamosfluir.com.br\/site\/wp-json\/wp\/v2\/types\/post"}],"author":[{"embeddable":true,"href":"https:\/\/vamosfluir.com.br\/site\/wp-json\/wp\/v2\/users\/1"}],"replies":[{"embeddable":true,"href":"https:\/\/vamosfluir.com.br\/site\/wp-json\/wp\/v2\/comments?post=572"}],"version-history":[{"count":0,"href":"https:\/\/vamosfluir.com.br\/site\/wp-json\/wp\/v2\/posts\/572\/revisions"}],"wp:featuredmedia":[{"embeddable":true,"href":"https:\/\/vamosfluir.com.br\/site\/wp-json\/"}],"wp:attachment":[{"href":"https:\/\/vamosfluir.com.br\/site\/wp-json\/wp\/v2\/media?parent=572"}],"wp:term":[{"taxonomy":"category","embeddable":true,"href":"https:\/\/vamosfluir.com.br\/site\/wp-json\/wp\/v2\/categories?post=572"},{"taxonomy":"post_tag","embeddable":true,"href":"https:\/\/vamosfluir.com.br\/site\/wp-json\/wp\/v2\/tags?post=572"}],"curies":[{"name":"wp","href":"https:\/\/api.w.org\/{rel}","templated":true}]}}