{"id":525,"date":"2021-01-27T10:18:48","date_gmt":"2021-01-27T13:18:48","guid":{"rendered":"http:\/\/vamosfluir.com.br\/site\/?p=525"},"modified":"2021-01-27T10:18:48","modified_gmt":"2021-01-27T13:18:48","slug":"boas-praticas-para-os-memes-nas-redes-sociais","status":"publish","type":"post","link":"https:\/\/vamosfluir.com.br\/site\/boas-praticas-para-os-memes-nas-redes-sociais\/","title":{"rendered":"Boas pr\u00e1ticas para os memes nas redes sociais"},"content":{"rendered":"\n<p>Quem pensa que compartilhar memes nas redes sociais \u00e9 s\u00f3 zoeira e falta de conte\u00fado, se enganou feio. Quando bem usados, com planejamento e parcim\u00f4nia, os memes podem ser uma parte essencial da tua estrat\u00e9gia de marketing digital e te ajudar a conquistar e engajar o teu p\u00fablico. Mas antes de entender o poder que os memes podem ter para a sua marca, vamos aprender como o termo surgiu?<br><\/p>\n\n\n\n<div class=\"wp-block-image\"><figure class=\"aligncenter is-resized\"><img loading=\"lazy\" src=\"http:\/\/vamosfluir.com.br\/site\/wp-content\/uploads\/2021\/01\/chloe.gif\" alt=\"\" class=\"wp-image-526\" width=\"185\" height=\"205\"\/><\/figure><\/div>\n\n\n\n<p>A palavra foi inventada em 1976, pelo geneticista e escritor Richard Dawkins, que queria um termo para expressar \u201cuma unidade de informa\u00e7\u00e3o cultural\u201d. Segundo o autor do livro \u201cO Gene Ego\u00edsta\u201d, um meme \u00e9 uma ideia ou informa\u00e7\u00e3o que se propaga e se multiplica entre as pessoas, similar ao que acontece com os genes na gen\u00e9tica. Ou seja, sim! Os memes j\u00e1 existiam antes da Internet\u2026 aposto que tu n\u00e3o sabia disso!<br><\/p>\n\n\n\n<div class=\"wp-block-image\"><figure class=\"aligncenter\"><img src=\"http:\/\/vamosfluir.com.br\/site\/wp-content\/uploads\/2021\/01\/monkey-puppet-omg-shock-gif.gif\" alt=\"\" class=\"wp-image-527\"\/><\/figure><\/div>\n\n\n\n<p>Apesar de ser usada desde a d\u00e9cada de 70, a palavra se popularizou nos anos 1990, quando foram criados os primeiros blogs que permitiam o compartilhamento de links e conte\u00fados com outros usu\u00e1rios. E n\u00e3o precisamos nem falar que, com o passar do tempo, os memes se popularizaram ainda mais e se tornaram parte do nosso cotidiano, n\u00e9? Segundo estudo realizado pela Globosat em parceria com a Consumoteca, em 2019, 85% dos brasileiros costumam curtir memes na internet. De acordo com o estudo, quanto mais jovem a pessoa, maior sua intera\u00e7\u00e3o com o meme. O percentual de engajamento da faixa et\u00e1ria de 16 a 29 anos \u00e9 de 95%.<\/p>\n\n\n\n<p>T\u00e1, eu adoro memes para compartilhar com os meus amigos, mas por que eu vou usar eles na minha estrat\u00e9gia de marketing digital?<br><\/p>\n\n\n\n<div class=\"wp-block-image\"><figure class=\"aligncenter\"><img src=\"http:\/\/vamosfluir.com.br\/site\/wp-content\/uploads\/2021\/01\/giphy-1.gif\" alt=\"\" class=\"wp-image-528\"\/><\/figure><\/div>\n\n\n\n<p>A resposta \u00e9 simples! Os memes t\u00eam 3 principais objetivos\/motivos: vontade de pertencer, vontade de entender e vontade de expressar. Fazendo o uso desse tipo de conte\u00fado, de uma maneira equilibrada, coerente e que fa\u00e7a sentido com a linguagem e identidade visual da tua marca, tu gera uma sensa\u00e7\u00e3o de compreens\u00e3o, mostrando para o teu p\u00fablico que tu entende ele e, assim, gerando identifica\u00e7\u00e3o. Al\u00e9m de tudo, tamb\u00e9m pode dar aquela descontra\u00edda que todo mundo precisa depois de um dia longo de trabalho.<\/p>\n\n\n\n<p>E tu sabia que tu pode aumentar muuuuito o engajamento do teu perfil com eles? Tu pode ter certeza que teus seguidores v\u00e3o compartilhar e enviar para os amigos caso se identifiquem com o meme que tu postou. Mas, para isso, \u00e9 claro, refor\u00e7amos mais uma vez a import\u00e2ncia do contexto. Tem que pesquisar muito bem antes de compartilhar um meme, v\u00e1 que a hist\u00f3ria por tr\u00e1s dele n\u00e3o tenha nada a ver com a mensagem que a tua marca quer passar?<\/p>\n\n\n\n<div class=\"wp-block-image\"><figure class=\"aligncenter\"><img src=\"http:\/\/vamosfluir.com.br\/site\/wp-content\/uploads\/2021\/01\/giphy-2.gif\" alt=\"\" class=\"wp-image-529\"\/><\/figure><\/div>\n\n\n\n<p>Lembra quando falamos por aqui sobre como \u00e9 importante fazer um planejamento super completo dos teus conte\u00fados pras redes sociais? Ent\u00e3o d\u00e1 uma revisada no teu e naquela parte de posts compartilh\u00e1veis! Talvez a\u00ed caiba colocar um meme pra descontrair. Pesquisa refer\u00eancias e fica sempre atento ao que t\u00e1 acontecendo no mundo porque mais da metade da efic\u00e1cia desse tipo de conte\u00fado \u00e9 o famoso timing.<\/p>\n\n\n\n<p>Quer uma fonte inesgot\u00e1vel de memes? Fica ligado no que t\u00e1 rolando l\u00e1 no Twitter que sempre tem novidade fresquinha pra ti. \ud83d\ude42<\/p>\n","protected":false},"excerpt":{"rendered":"<p>Quem pensa que compartilhar memes nas redes sociais \u00e9 s\u00f3 zoeira e falta de conte\u00fado, se enganou feio. Quando bem<span class=\"excerpt-hellip\"> [\u2026]<\/span><\/p>\n","protected":false},"author":1,"featured_media":530,"comment_status":"open","ping_status":"open","sticky":false,"template":"","format":"standard","meta":[],"categories":[7,4],"tags":[],"_links":{"self":[{"href":"https:\/\/vamosfluir.com.br\/site\/wp-json\/wp\/v2\/posts\/525"}],"collection":[{"href":"https:\/\/vamosfluir.com.br\/site\/wp-json\/wp\/v2\/posts"}],"about":[{"href":"https:\/\/vamosfluir.com.br\/site\/wp-json\/wp\/v2\/types\/post"}],"author":[{"embeddable":true,"href":"https:\/\/vamosfluir.com.br\/site\/wp-json\/wp\/v2\/users\/1"}],"replies":[{"embeddable":true,"href":"https:\/\/vamosfluir.com.br\/site\/wp-json\/wp\/v2\/comments?post=525"}],"version-history":[{"count":0,"href":"https:\/\/vamosfluir.com.br\/site\/wp-json\/wp\/v2\/posts\/525\/revisions"}],"wp:featuredmedia":[{"embeddable":true,"href":"https:\/\/vamosfluir.com.br\/site\/wp-json\/"}],"wp:attachment":[{"href":"https:\/\/vamosfluir.com.br\/site\/wp-json\/wp\/v2\/media?parent=525"}],"wp:term":[{"taxonomy":"category","embeddable":true,"href":"https:\/\/vamosfluir.com.br\/site\/wp-json\/wp\/v2\/categories?post=525"},{"taxonomy":"post_tag","embeddable":true,"href":"https:\/\/vamosfluir.com.br\/site\/wp-json\/wp\/v2\/tags?post=525"}],"curies":[{"name":"wp","href":"https:\/\/api.w.org\/{rel}","templated":true}]}}