{"id":521,"date":"2021-01-20T10:10:32","date_gmt":"2021-01-20T13:10:32","guid":{"rendered":"http:\/\/vamosfluir.com.br\/site\/?p=521"},"modified":"2021-01-20T10:10:32","modified_gmt":"2021-01-20T13:10:32","slug":"fluindo-com-a-gestora-e-professora-frederike-mette","status":"publish","type":"post","link":"https:\/\/vamosfluir.com.br\/site\/fluindo-com-a-gestora-e-professora-frederike-mette\/","title":{"rendered":"Fluindo com a gestora e professora Frederike Mette"},"content":{"rendered":"\n<p>Quando a gente diz que todas as \u00e1reas est\u00e3o super presentes nas redes sociais, a gente fala de todas MESMO!<\/p>\n\n\n\n<p>Nessa semana a gente conversou com a <a href=\"http:\/\/instagram.com\/frederikemette\">Frederike Mette<\/a>, uma administradora super girl boss, que bomba nas redes sociais com um conte\u00fado super legal sobre Finan\u00e7as e Lifestyle.\u00a0<\/p>\n\n\n\n<p>Ela \u00e9 Doutora em Administra\u00e7\u00e3o pela UNISINOS com est\u00e1gio doutoral no departamento de Latin American Studies pela University of Oxford (2015) e Mestre pela Escola de Administra\u00e7\u00e3o (PPGA\/UFRGS). Al\u00e9m de ser professora no Programa de P\u00f3s-Gradua\u00e7\u00e3o em Administra\u00e7\u00e3o da PUCRS, na linha de marketing, a Fred tem um perfil no Instagram no qual compartilha um pouco sobre a sua vida pessoal e profissional, bem como posts motivacionais e informativos, desde o mais b\u00e1sico das finan\u00e7as at\u00e9 assuntos mais complexos.\u00a0<\/p>\n\n\n\n<p>Olha s\u00f3 a conversa super legal que a gente teve sobre a import\u00e2ncia que as redes sociais tiveram no crescimento profissional dela. \ud83d\ude42<br><\/p>\n\n\n\n<p><strong>Quando tu percebeu a necessidade de utilizar as redes sociais e como essa decis\u00e3o de produzir conte\u00fado impulsionou o teu trabalho?<\/strong><br>J\u00e1 havia percebido a necessidade h\u00e1 uns 5 anos, mas a pandemia ajudou a me dar um \u201cempurr\u00e3o\u201d na minha iniciativa de efetivamente iniciar. Acredito que uma das maiores satisfa\u00e7\u00f5es e metas da minha vida \u00e9 ensinar aos outros, ou mais do que isso, passar algo de positivo para a vida de cada um que convive comigo.<\/p>\n\n\n\n<p>Com o conv\u00edvio com meus alunos ao longo dos anos, muitas vezes escutava de alguns que eu deveria produzir algo muito maior do que fazia em aula. Ou seja, levar o meu conhecimento a mais pessoas de forma \u201cf\u00e1cil\u201d. E esse foi meu desafio ou proposta no ano de 2020: come\u00e7ar a colocar nas redes aquilo que eu levava para a sala de aula e universidade.<\/p>\n\n\n\n<p>Felizmente, tive uma receptividade e engajamento super legais, estou tendo a oportunidade de auxiliar mais pessoas, tentando levar um conte\u00fado \u201cpesado\u201d de forma \u201cleve\u201d. E essa decis\u00e3o teve um resultado maior ainda para mim. Em um ano com tanto distanciamento, poder gerar e ter proximidade com as pessoas me deixa muito feliz.<br><\/p>\n\n\n\n<p><strong>Como tu encontrou o teu nicho e descobriu que tipo de linguagem atinge melhor o teu p\u00fablico?<\/strong><br>Meu nicho eu ainda estou encontrando. Muito do meu p\u00fablico \u00e9 de ex-alunos ou pessoas que me conhecem atrav\u00e9s do meu trabalho como docente e acad\u00eamica. Mas ainda quero atingir mais pessoas, e principalmente aquelas pessoas que possam n\u00e3o ter condi\u00e7\u00f5es de ter um ensino e conte\u00fado de qualidade. Mas s\u00e3o essas pessoas a ess\u00eancia do ensinar!<\/p>\n\n\n\n<p>A linguagem que melhor atinge o nosso p\u00fablico \u00e9 aquela que as pessoas conseguem nos compreender. Finan\u00e7as normalmente \u00e9 um tema muito complexo e complicado, ent\u00e3o conseguir transmitir tudo de forma f\u00e1cil, de forma que as pessoas compreendam o que eu digo, \u00e9 o meu desafio. E este \u00e9 um dos meus lemas, descomplicar.<br><\/p>\n\n\n\n<p><strong>Uma dica para quem est\u00e1 come\u00e7ando a produzir conte\u00fado sobre finan\u00e7as &#8211; e no geral<\/strong><br>Qual \u00e9 o teu lugar de pot\u00eancia? Assim como sugerimos que as empresas devem ter uma proposta de valor e diferencial frente a concorr\u00eancia, no momento em que voc\u00ea produz algum conte\u00fado sobre qualquer tema voc\u00ea tamb\u00e9m deve procurar se diferenciar. O que voc\u00ea vai oferecer al\u00e9m ou diferente daquilo que j\u00e1 existe? O que voc\u00ea quer agregar na vida das pessoas? Qual \u00e9 a sua miss\u00e3o e o que te faz feliz? Pois quando fazemos com felicidade, os resultados tendem a ser sempre positivos.<\/p>\n\n\n\n<p><\/p>\n\n\n\n<p>Temos muito o que aprender com a <a href=\"http:\/\/instagram.com\/frederikemette\">@frederikemette<\/a>! Segue l\u00e1 o Insta dela, tanto para aprender finan\u00e7as de uma maneira descomplicada (quem n\u00e3o precisa disso, n\u00e9?), quanto para te inspirar a buscar cada vez mais sucesso e engajamento com o teu p\u00fablico!<br><\/p>\n","protected":false},"excerpt":{"rendered":"<p>Quando a gente diz que todas as \u00e1reas est\u00e3o super presentes nas redes sociais, a gente fala de todas MESMO!<span class=\"excerpt-hellip\"> [\u2026]<\/span><\/p>\n","protected":false},"author":1,"featured_media":522,"comment_status":"open","ping_status":"open","sticky":false,"template":"","format":"standard","meta":[],"categories":[7,4],"tags":[],"_links":{"self":[{"href":"https:\/\/vamosfluir.com.br\/site\/wp-json\/wp\/v2\/posts\/521"}],"collection":[{"href":"https:\/\/vamosfluir.com.br\/site\/wp-json\/wp\/v2\/posts"}],"about":[{"href":"https:\/\/vamosfluir.com.br\/site\/wp-json\/wp\/v2\/types\/post"}],"author":[{"embeddable":true,"href":"https:\/\/vamosfluir.com.br\/site\/wp-json\/wp\/v2\/users\/1"}],"replies":[{"embeddable":true,"href":"https:\/\/vamosfluir.com.br\/site\/wp-json\/wp\/v2\/comments?post=521"}],"version-history":[{"count":0,"href":"https:\/\/vamosfluir.com.br\/site\/wp-json\/wp\/v2\/posts\/521\/revisions"}],"wp:featuredmedia":[{"embeddable":true,"href":"https:\/\/vamosfluir.com.br\/site\/wp-json\/"}],"wp:attachment":[{"href":"https:\/\/vamosfluir.com.br\/site\/wp-json\/wp\/v2\/media?parent=521"}],"wp:term":[{"taxonomy":"category","embeddable":true,"href":"https:\/\/vamosfluir.com.br\/site\/wp-json\/wp\/v2\/categories?post=521"},{"taxonomy":"post_tag","embeddable":true,"href":"https:\/\/vamosfluir.com.br\/site\/wp-json\/wp\/v2\/tags?post=521"}],"curies":[{"name":"wp","href":"https:\/\/api.w.org\/{rel}","templated":true}]}}