{"id":514,"date":"2021-01-14T09:27:50","date_gmt":"2021-01-14T12:27:50","guid":{"rendered":"http:\/\/vamosfluir.com.br\/site\/?p=514"},"modified":"2021-01-14T09:27:50","modified_gmt":"2021-01-14T12:27:50","slug":"fluindo-com-a-influenciadora-ju-obert","status":"publish","type":"post","link":"https:\/\/vamosfluir.com.br\/site\/fluindo-com-a-influenciadora-ju-obert\/","title":{"rendered":"Fluindo com a influenciadora Ju Obert"},"content":{"rendered":"\n<p>Todo mundo j\u00e1 notou que o mercado de influenciadores digitais vem crescendo muito nos \u00faltimos tempos. E essa \u201cnova profiss\u00e3o\u201d ainda gera uma certa desconfian\u00e7a e inseguran\u00e7a para quem v\u00ea de fora.<\/p>\n\n\n\n<p>L\u00e1 no <a href=\"http:\/\/instagram.com\/vamosfluir\">@vamosfluir<\/a> j\u00e1 falamos algumas vezes sobre a import\u00e2ncia dos influenciadores e do peso que eles t\u00eam na hora de divulgar a tua marca. Afinal, \u00e9 muito melhor tu saber a opini\u00e3o sobre algo de quem tu confia e j\u00e1 criou alguma afinidade do que algum desconhecido, certo?<\/p>\n\n\n\n<p>Essa semana a gente conversou com a <a href=\"https:\/\/www.instagram.com\/juobert\/\">Ju Obert<\/a>, influenciadora aqui de Porto Alegre e que tem um trabalho lindo l\u00e1 no Insta. Como tu j\u00e1 pode imaginar, o come\u00e7o dela por l\u00e1 n\u00e3o foi nada f\u00e1cil. Mas ela dividiu com a gente um pouco da experi\u00eancia, dos perrengues e das alegrias de ser influencer e ainda deu uma baita dica pra quem t\u00e1 come\u00e7ando na \u00e1rea!<br><\/p>\n\n\n\n<p><strong>Como surgiu a ideia de fazer das redes sociais a tua profiss\u00e3o?<\/strong><\/p>\n\n\n\n<p>Eu nunca tinha imaginado que as redes sociais poderiam se tornar, de fato, a minha profiss\u00e3o. Eu sou formada em Publicidade e Propaganda e j\u00e1 trabalhei com marketing em empresas. Sempre gostei muito de foto e do mundo da Publicidade que acaba tendo a ver com o que eu trabalho hoje na internet. Hoje eu divulgo marcas, empresas, produtos e servi\u00e7os de diversos setores. Vejo que a minha forma\u00e7\u00e3o me ajudou muito nisso.<\/p>\n\n\n\n<p><strong>Foi algo natural come\u00e7ar ou foi planejado?<\/strong><\/p>\n\n\n\n<p>N\u00e3o foi algo planejado. Eu sempre gostei muito de postar e estar presente nas redes sociais, por isso, a ideia de trabalhar com isso veio quando surgiram os stories e eu percebi que meus seguidores come\u00e7aram a aumentar. A\u00ed, eu pensei \u201colha, que interessante, as pessoas gostam do que eu posto!\u201d. Mesmo sem querer, foi maravilhoso! Eu n\u00e3o estava feliz e satisfeita profissionalmente na \u00e9poca, mas segui trabalhando por mais um tempo, at\u00e9 que come\u00e7ou a ficar dif\u00edcil conciliar as duas coisas: o emprego e as redes sociais. A\u00ed, eu optei por elas.<\/p>\n\n\n\n<p>Foi uma decis\u00e3o bem dif\u00edcil e que surpreendeu muita gente pelo fato de eu ter trocado algo mais \u201cseguro\u201d por uma coisa que at\u00e9 ent\u00e3o, ningu\u00e9m levava a s\u00e9rio.<\/p>\n\n\n\n<p>Nem sempre foi assim, hoje ainda rola um pouco de preconceito, mas no in\u00edcio era bem pior. Quando falava que eu era influencer, criadora de conte\u00fado, ningu\u00e9m levava a s\u00e9rio. Hoje eu vejo que \u00e9 um mercado que tem muito potencial, que as pessoas come\u00e7aram a levar a s\u00e9rio e eu super me orgulho disso! Quem trabalha com influenciadores e criadores de conte\u00fado, com certeza v\u00ea os resultados e fica muito satisfeito e esse reconhecimento \u00e9 super bacana.<\/p>\n\n\n\n<p><strong>Tu encontrou alguma dificuldade\/preconceito quando tava come\u00e7ando? E como fez pra seguir em frente?<\/strong><\/p>\n\n\n\n<p>Com certeza! Encontrei muitas dificuldades e preconceitos n\u00e3o s\u00f3 quando eu comecei, mas hoje em dia tamb\u00e9m. Isso \u00e9 bem decepcionante, principalmente quando vem de pessoas pr\u00f3ximas que tu espera que v\u00e3o te apoiar, te ajudar. No come\u00e7o s\u00f3 uma curtida, um compartilhamento, um salvamento faz toda a diferen\u00e7a, sabe? A\u00ed a gente v\u00ea pessoas pr\u00f3ximas, do teu lado, que n\u00e3o ajudam com isso.&nbsp;<\/p>\n\n\n\n<p>Sim, j\u00e1 pensei em desistir de tudo v\u00e1rias vezes. Mas o que faz a gente seguir em frente \u00e9 justamente olhar pra tr\u00e1s e ver tudo o que eu j\u00e1 passei e conquistei, mesmo n\u00e3o sendo f\u00e1cil (\u00e0s vezes tem que parar, sentar e falar: calma, vamos pensar em tudo que j\u00e1 aconteceu de bom!).<\/p>\n\n\n\n<p>Receber os feedbacks positivos de clientes e de pessoas que nos seguem com tanto carinho, seguindo as dicas e realmente criando uma troca, me faz pensar: \u201ceu t\u00f4 realmente fazendo a diferen\u00e7a na vida das pessoas e isso \u00e9 muito legal!\u201d. E tamb\u00e9m \u00e9 sobre deixar o dia a dia das pessoas um pouco mais leve. Eu tenho muito esse objetivo de divertir e arrancar risadas de quem v\u00ea meu conte\u00fado\u2026 A gente j\u00e1 tem uma vida t\u00e3o corrida e pesada n\u00e9? Eu fico muito feliz quando as pessoas me dizem que eu consigo fazer exatamente o que eu planejei.&nbsp;<\/p>\n\n\n\n<p>O que faz a gente seguir em frente e n\u00e3o desistir \u00e9 justamente ver tudo o que a gente conseguiu, ver todas as pessoas legais que j\u00e1 passaram e permanecem na nossa vida profissional e que se tornam amigos e amigas. Nossa, vale muito a pena! N\u00e3o \u00e9 f\u00e1cil, mas eu sou muito feliz assim. \u00c9 uma profiss\u00e3o muito digna assim como todas as outras e a cada dia que passa ela t\u00e1 sendo mais reconhecida.<\/p>\n\n\n\n<p><strong>Qual a tua dica pra quem t\u00e1 come\u00e7ando agora?<\/strong><\/p>\n\n\n\n<p>O foco principal \u00e9 achar o nicho. Esse foi um grande problema pra mim: eu olhava outras criadoras de conte\u00fado e achava o conte\u00fado muito legal e pensava que eu devia fazer igual. Mas n\u00e3o \u00e9 bem assim. Tu tem que ter a tua identidade, saber teu nicho, porque as pessoas v\u00e3o te seguir e querer consumir o teu conte\u00fado.<\/p>\n\n\n\n<p>E n\u00e3o desistir! Se \u00e9 o que tu quer, o que tu acredita e se tu acha que tem algo pra acrescentar na vida das pessoas, vai em frente. E n\u00e3o escuta as coisas ruins, s\u00f3 foca nas coisas boas e nas coisas que te motivam.<\/p>\n\n\n\n<p>Tem muita gente com potencial e muito espa\u00e7o nesse meio. Hoje tenho grandes amigas que fiz nessa caminhada e \u00e9 muito legal a afinidade que tu cria com as pessoas que te seguem.<\/p>\n\n\n\n<p><\/p>\n\n\n\n<p>E a\u00ed, tu quer muito ser influenciadora mas ainda t\u00e1 faltando aquele empurr\u00e3ozinho? Segue a <a href=\"http:\/\/instagram.com\/juobert\">@juobert<\/a> e o <a href=\"http:\/\/instagram.com\/vamosfluir\">@vamosfluir<\/a> e te joga, guria! \ud83d\ude42<\/p>\n","protected":false},"excerpt":{"rendered":"<p>Todo mundo j\u00e1 notou que o mercado de influenciadores digitais vem crescendo muito nos \u00faltimos tempos. E essa \u201cnova profiss\u00e3o\u201d<span class=\"excerpt-hellip\"> [\u2026]<\/span><\/p>\n","protected":false},"author":1,"featured_media":515,"comment_status":"open","ping_status":"open","sticky":false,"template":"","format":"standard","meta":[],"categories":[7,4],"tags":[22,32],"_links":{"self":[{"href":"https:\/\/vamosfluir.com.br\/site\/wp-json\/wp\/v2\/posts\/514"}],"collection":[{"href":"https:\/\/vamosfluir.com.br\/site\/wp-json\/wp\/v2\/posts"}],"about":[{"href":"https:\/\/vamosfluir.com.br\/site\/wp-json\/wp\/v2\/types\/post"}],"author":[{"embeddable":true,"href":"https:\/\/vamosfluir.com.br\/site\/wp-json\/wp\/v2\/users\/1"}],"replies":[{"embeddable":true,"href":"https:\/\/vamosfluir.com.br\/site\/wp-json\/wp\/v2\/comments?post=514"}],"version-history":[{"count":0,"href":"https:\/\/vamosfluir.com.br\/site\/wp-json\/wp\/v2\/posts\/514\/revisions"}],"wp:featuredmedia":[{"embeddable":true,"href":"https:\/\/vamosfluir.com.br\/site\/wp-json\/"}],"wp:attachment":[{"href":"https:\/\/vamosfluir.com.br\/site\/wp-json\/wp\/v2\/media?parent=514"}],"wp:term":[{"taxonomy":"category","embeddable":true,"href":"https:\/\/vamosfluir.com.br\/site\/wp-json\/wp\/v2\/categories?post=514"},{"taxonomy":"post_tag","embeddable":true,"href":"https:\/\/vamosfluir.com.br\/site\/wp-json\/wp\/v2\/tags?post=514"}],"curies":[{"name":"wp","href":"https:\/\/api.w.org\/{rel}","templated":true}]}}