{"id":497,"date":"2020-12-17T09:08:07","date_gmt":"2020-12-17T12:08:07","guid":{"rendered":"http:\/\/vamosfluir.com.br\/site\/?p=497"},"modified":"2020-12-17T09:08:07","modified_gmt":"2020-12-17T12:08:07","slug":"fluindo-com-a-dermato-gabriela-maldonado","status":"publish","type":"post","link":"https:\/\/vamosfluir.com.br\/site\/fluindo-com-a-dermato-gabriela-maldonado\/","title":{"rendered":"Fluindo com a dermato Gabriela Maldonado"},"content":{"rendered":"\n<p>J\u00e1 n\u00e3o \u00e9 novidade a import\u00e2ncia das redes sociais para os profissionais da \u00e1rea da sa\u00fade, como meio de comunica\u00e7\u00e3o e compartilhamento de novas ideias entre m\u00e9dic@s e pacientes. O relacionamento de confian\u00e7a que \u00e9 criado com essa proximidade e troca nas redes sociais atrav\u00e9s de muito conte\u00fado, novidades e informa\u00e7\u00f5es relevantes quase que di\u00e1rias, se torna cada vez mais necess\u00e1rio nesse mundo digital.<\/p>\n\n\n\n<p>Pensando nisso, nosso bate-papo de hoje \u00e9 com a m\u00e9dica dermatologista, Gabriela Maldonado, que mesmo sendo um pouco resistente \u00e0s redes sociais no in\u00edcio, hoje entende e sente no dia a dia a import\u00e2ncia desse investimento. Confere o que ela nos contou!<\/p>\n\n\n\n<p>\u201cNo in\u00edcio meu perfil do Instagram era exclusivamente pessoal, fechado e eu raramente postava sobre o trabalho. Tinha plena convic\u00e7\u00e3o de que meus pacientes chegavam por indica\u00e7\u00e3o. Com o passar do tempo comecei a me dar conta de que o \u201cnovo boca-a-boca\u201d passa pelas redes sociais. Tornei o perfil aberto e percebi que mesmo indicados por amigos ou familiares os pacientes novos entravam no perfil para ter uma id\u00e9ia de como eu era o que postava. Ao mesmo tempo alguns pacientes mais antigos tamb\u00e9m come\u00e7aram a comentar nas consultas da necessidade de eu postar o que fa\u00e7o na cl\u00ednica. Uma paciente at\u00e9 comentou \u201cn\u00e3o basta voc\u00ea ser boa no que faz, os outros precisam saber\u201d.\u201d\u00a0<\/p>\n\n\n\n<p>A partir disso, come\u00e7amos o nosso trabalho com a Gabi e, al\u00e9m de dar aquele toque mais profissional para o perfil, nos dedicamos a produzir conte\u00fado focado nas d\u00favidas mais comuns dos pr\u00f3prios pacientes e tamb\u00e9m nas \u00e1reas da Dermatologia em que ela tem mais expertise. Perguntamos qual foi a melhor coisa que ela sentiu ao estar mais presente nas redes sociais.<\/p>\n\n\n\n<p>\u201cO maior benef\u00edcio que percebo de estar nas m\u00eddias sociais \u00e9 a intera\u00e7\u00e3o e conseguir realmente abordar assuntos mais relacionados com as \u00e1reas da dermatologia a que mais me dedico. Assim, as pessoas que v\u00eam ao consult\u00f3rio j\u00e1 sabem um pouco sobre o meu trabalho e isso gera uma aproxima\u00e7\u00e3o e empatia maiores.\u201d<\/p>\n\n\n\n<p>Tamb\u00e9m pedimos uma dica para quem quer abrir caminho nas redes sociais mas ainda tem um pouquinho de resist\u00eancia.<\/p>\n\n\n\n<p>\u201cAcho que a principal dica \u00e9 n\u00e3o se julgar muito. Se sente timidez, iniciar com v\u00eddeos mais curtos e come\u00e7ar pelos stories e aos poucos ir se sentindo mais seguran\u00e7a para v\u00eddeos mais longos. Acredito que n\u00e3o \u00e9 necess\u00e1rio seguir um padr\u00e3o de postagem determinado ou \u201cde sucesso\u201d, e sim ter atitudes que combinem com a personalidade e estilo de vida.\u201d<\/p>\n\n\n\n<p>Sempre falamos sobre empatia, autenticidade e autoridade nas redes sociais. A Gabi concluiu nosso bate-papo com essa baita li\u00e7\u00e3o: \u201cQuanto mais verdade se passa, mais as pessoas se identificam, sendo imposs\u00edvel agradar a todos!\u201d<\/p>\n\n\n\n<p>Deixar a timidez de lado, n\u00e3o se preocupar com julgamentos e seguir a tua verdade \u00e9 o que define a trajet\u00f3ria da Gabi nas redes sociais! \u00c9 o reconhecimento e a proximidade com os pacientes que motivam a continuar se dedicando cada vez mais.<\/p>\n\n\n\n<p>Te inspira nas palavras da Gabi e te joga no mundo das redes sociais! Os resultados s\u00e3o incr\u00edveis e s\u00f3 v\u00e3o fortalecer teu trabalho. Bora trabalhar?! &lt;3<br><\/p>\n","protected":false},"excerpt":{"rendered":"<p>J\u00e1 n\u00e3o \u00e9 novidade a import\u00e2ncia das redes sociais para os profissionais da \u00e1rea da sa\u00fade, como meio de comunica\u00e7\u00e3o<span class=\"excerpt-hellip\"> [\u2026]<\/span><\/p>\n","protected":false},"author":1,"featured_media":498,"comment_status":"open","ping_status":"open","sticky":false,"template":"","format":"standard","meta":[],"categories":[7,4],"tags":[],"_links":{"self":[{"href":"https:\/\/vamosfluir.com.br\/site\/wp-json\/wp\/v2\/posts\/497"}],"collection":[{"href":"https:\/\/vamosfluir.com.br\/site\/wp-json\/wp\/v2\/posts"}],"about":[{"href":"https:\/\/vamosfluir.com.br\/site\/wp-json\/wp\/v2\/types\/post"}],"author":[{"embeddable":true,"href":"https:\/\/vamosfluir.com.br\/site\/wp-json\/wp\/v2\/users\/1"}],"replies":[{"embeddable":true,"href":"https:\/\/vamosfluir.com.br\/site\/wp-json\/wp\/v2\/comments?post=497"}],"version-history":[{"count":0,"href":"https:\/\/vamosfluir.com.br\/site\/wp-json\/wp\/v2\/posts\/497\/revisions"}],"wp:featuredmedia":[{"embeddable":true,"href":"https:\/\/vamosfluir.com.br\/site\/wp-json\/"}],"wp:attachment":[{"href":"https:\/\/vamosfluir.com.br\/site\/wp-json\/wp\/v2\/media?parent=497"}],"wp:term":[{"taxonomy":"category","embeddable":true,"href":"https:\/\/vamosfluir.com.br\/site\/wp-json\/wp\/v2\/categories?post=497"},{"taxonomy":"post_tag","embeddable":true,"href":"https:\/\/vamosfluir.com.br\/site\/wp-json\/wp\/v2\/tags?post=497"}],"curies":[{"name":"wp","href":"https:\/\/api.w.org\/{rel}","templated":true}]}}