{"id":489,"date":"2020-12-03T08:52:26","date_gmt":"2020-12-03T11:52:26","guid":{"rendered":"http:\/\/vamosfluir.com.br\/site\/?p=489"},"modified":"2020-12-03T08:52:26","modified_gmt":"2020-12-03T11:52:26","slug":"fluindo-com-a-nutri-laura-hofmeister","status":"publish","type":"post","link":"https:\/\/vamosfluir.com.br\/site\/fluindo-com-a-nutri-laura-hofmeister\/","title":{"rendered":"Fluindo com a nutri Laura Hofmeister"},"content":{"rendered":"\n<p>Todo mundo sabe que estar presente nas redes sociais, atualmente, n\u00e3o \u00e9 mais um diferencial, e sim o primeiro passo para conquistar um p\u00fablico fiel e engajado. Isso se aplica a praticamente todas as \u00e1reas e profiss\u00f5es, sobretudo nos tempos que estamos vivendo, em que o digital \u00e9, para muitos neg\u00f3cios, a \u00fanica forma de comunica\u00e7\u00e3o com o cliente\/ paciente.\u00a0<\/p>\n\n\n\n<p>Sabendo disso, decidimos trocar ideias com profissionais de diversas \u00e1reas para sabermos como o digital, as redes sociais e a comunica\u00e7\u00e3o como um todo t\u00eam auxiliado no desenvolvimento de suas carreiras. O nosso primeiro papo foi com a nutri <a href=\"https:\/\/www.instagram.com\/nutri.laurahofmeister\/\">Laura Hofmeister<\/a>! Ela nos contou um pouquinho sobre a sua trajet\u00f3ria nas redes sociais e quais os segredos para criar tanto conte\u00fado bacana e conquistar novos seguidores a cada dia que passa.<\/p>\n\n\n\n<p>Pega o papel e a caneta e anota as dicas! \ud83d\ude09<\/p>\n\n\n\n<p>Laura come\u00e7ou falando sobre a novidade que \u00e9 a sua \u00e1rea de atua\u00e7\u00e3o, o conte\u00fado relacionado que produz e a consequ\u00eancia disso:<\/p>\n\n\n\n<p><em>\u201cComo trabalho em uma \u00e1rea relativamente \u201cinovadora\u201d na nutri\u00e7\u00e3o\u2014 a da nutri\u00e7\u00e3o comportamental e intuitiva\u2014 produzo muito conte\u00fado de educa\u00e7\u00e3o nutricional sobre essa abordagem. Dessa maneira, consigo conscientizar o p\u00fablico em rela\u00e7\u00e3o ao assunto e me estabelecer como refer\u00eancia na \u00e1rea\u201d.<\/em><\/p>\n\n\n\n<p>A nutri tamb\u00e9m comentou sobre o prazer em poder ajudar atrav\u00e9s do digital:<\/p>\n\n\n\n<p><em>\u201c\u00c9 altamente gratificante perceber o quanto podemos atingir e ajudar muita gente \u00e0 dist\u00e2ncia apenas com a nossa presen\u00e7a digital! E, da mesma maneira, muitos profissionais pedem ajuda para fazer o mesmo e cria-se a necessidade de ministrar cursos e aulas para colegas e estudantes com esse objetivo\u201d.\u00a0<\/em><\/p>\n\n\n\n<p>Laura tamb\u00e9m trouxe a tona o seu desenvolvimento no Instagram, o seu aumento de procura\/ demanda profissional e o porqu\u00ea do resultado positivo que est\u00e1 tendo:<\/p>\n\n\n\n<p><em>\u201cMeu alcance nessa rede, assim como minha demanda profissional, teve um aumento muito grande e exponencial nos \u00faltimos meses. E dou cr\u00e9ditos a criatividade e originalidade na cria\u00e7\u00e3o de conte\u00fados\u2014 al\u00e9m da const\u00e2ncia e dedica\u00e7\u00e3o a cada formato de postagem\u201d.<\/em><\/p>\n\n\n\n<p>Para concluir, ela deixou suas dicas e palavras de apoio para outros profissionais que t\u00eam como objetivo alavancar suas presen\u00e7as online e off: <\/p>\n\n\n\n<p><em>\u201cMinha dica pra profissionais que buscam destaque no Instagram (e na carreia em si):\u00a0tenha clareza da sua abordagem, do seu p\u00fablico e do seu objetivo com o trabalho. Crie uma identidade pr\u00f3pria e uma voz reconhec\u00edvel. Ou seja: que seu trabalho tenha sua cara e que seja sempre autoral. Acredite, essa plataforma pode alavancar fortemente seu trabalho e te trazer oportunidades incr\u00edveis!\u201d<\/em><\/p>\n\n\n\n<p>Criatividade, dedica\u00e7\u00e3o e autoridade no assunto foram as chaves para o sucesso da Laura! Bora come\u00e7ar a praticar hoje mesmo? Quem sabe tu n\u00e3o \u00e9 a pr\u00f3xima a estar com a gente por aqui! &lt;3<br><\/p>\n","protected":false},"excerpt":{"rendered":"<p>Todo mundo sabe que estar presente nas redes sociais, atualmente, n\u00e3o \u00e9 mais um diferencial, e sim o primeiro passo<span class=\"excerpt-hellip\"> [\u2026]<\/span><\/p>\n","protected":false},"author":1,"featured_media":490,"comment_status":"open","ping_status":"open","sticky":false,"template":"","format":"standard","meta":[],"categories":[7,4],"tags":[],"_links":{"self":[{"href":"https:\/\/vamosfluir.com.br\/site\/wp-json\/wp\/v2\/posts\/489"}],"collection":[{"href":"https:\/\/vamosfluir.com.br\/site\/wp-json\/wp\/v2\/posts"}],"about":[{"href":"https:\/\/vamosfluir.com.br\/site\/wp-json\/wp\/v2\/types\/post"}],"author":[{"embeddable":true,"href":"https:\/\/vamosfluir.com.br\/site\/wp-json\/wp\/v2\/users\/1"}],"replies":[{"embeddable":true,"href":"https:\/\/vamosfluir.com.br\/site\/wp-json\/wp\/v2\/comments?post=489"}],"version-history":[{"count":0,"href":"https:\/\/vamosfluir.com.br\/site\/wp-json\/wp\/v2\/posts\/489\/revisions"}],"wp:featuredmedia":[{"embeddable":true,"href":"https:\/\/vamosfluir.com.br\/site\/wp-json\/"}],"wp:attachment":[{"href":"https:\/\/vamosfluir.com.br\/site\/wp-json\/wp\/v2\/media?parent=489"}],"wp:term":[{"taxonomy":"category","embeddable":true,"href":"https:\/\/vamosfluir.com.br\/site\/wp-json\/wp\/v2\/categories?post=489"},{"taxonomy":"post_tag","embeddable":true,"href":"https:\/\/vamosfluir.com.br\/site\/wp-json\/wp\/v2\/tags?post=489"}],"curies":[{"name":"wp","href":"https:\/\/api.w.org\/{rel}","templated":true}]}}