{"id":474,"date":"2020-11-12T09:59:48","date_gmt":"2020-11-12T12:59:48","guid":{"rendered":"http:\/\/vamosfluir.com.br\/site\/?p=474"},"modified":"2020-11-12T09:59:48","modified_gmt":"2020-11-12T12:59:48","slug":"cuidados-com-a-pele-com-gabriela-maldonado","status":"publish","type":"post","link":"https:\/\/vamosfluir.com.br\/site\/cuidados-com-a-pele-com-gabriela-maldonado\/","title":{"rendered":"Cuidados com a pele com Gabriela Maldonado"},"content":{"rendered":"\n<p>N\u00e3o \u00e9 s\u00f3 de trabalho que a gente vive! Um dos nossos segredos para aumentar a produtividade e entregar resultados de sucesso para os nossos clientes \u00e9 sempre tirar um tempo da nossa semana para o autocuidado. E para um time girl power como o nosso, nada melhor do que um dia dedicado ao skincare. E n\u00e3o \u00e9 frescura n\u00e3o! Com o home office, nos expomos muito mais \u00e0 luz azul dos computadores e celulares, passamos quase o dia inteiro com as radia\u00e7\u00f5es emitidas pela luz artificial, aquela rotina regrada de alimenta\u00e7\u00e3o saud\u00e1vel e exerc\u00edcios f\u00edsicos muito vezes fica de lado e isso impacta onde? NA NOSSA PELE!<\/p>\n\n\n\n<p>Sim! Na nossa pele. Olha o que a <a href=\"http:\/\/instagram.com\/gabrielamaldonado_dermato\">Gabriela Maldonado<\/a>, nossa cliente dermato, falou sobre isso.<\/p>\n\n\n\n<p><em>\u201cA quest\u00e3o toda do home office em rela\u00e7\u00e3o \u00e0 pele \u00e9 basicamente sobre estarmos expostos \u00e0 luz do computador, \u00e0 dar uma volta na quadra e esquecer de passar o protetor solar. Com a rotina mais regrada, era algo que as pessoas nunca esqueciam. Tamb\u00e9m existem outros fatores como a falta de exerc\u00edcios f\u00edsicos, altera\u00e7\u00e3o na rotina do sono, mais ansiedade que leva \u00e0 comer mais e ao aumento de acne,&#8230; Tem v\u00e1rias coisas que est\u00e3o envolvidas nessa quest\u00e3o de home office.\u201d<\/em><\/p>\n\n\n\n<p>A <a href=\"http:\/\/instagram.com\/jessicaquinalha\">J\u00e9ssi<\/a>, nossa coordenadora da equipe, tinha a pele oleosa e hoje j\u00e1 t\u00e1 mais pra mista e segue uma rotina regrada de cuidados com a pele. N\u00e3o abre m\u00e3o de um cuidado especial para a \u00e1rea dos olhos e do hidratante.<\/p>\n\n\n\n<p><em>\u201cA pele envolta dos olhos \u00e9 a mais delicada que a gente e precisa de um cuidado especial. Ela \u00e9 mais sens\u00edvel, mais sujeita \u00e0 alergias\u2026 N\u00e3o \u00e9 qualquer creme que podemos utilizar! A maioria dos cremes de rosto, com exce\u00e7\u00e3o aos \u00e1cidos, j\u00e1 s\u00e3o testados na \u00e1rea dos olhos. Ent\u00e3o podemos utiliz\u00e1-los, sim. S\u00f3 precisamos cuidar caos haja alguma irrita\u00e7\u00e3o ou sensibilidade, a\u00ed \u00e9 melhor suspender. As m\u00e1scaras espec\u00edficas para a \u00e1rea dos olhos, com hidrogel ou at\u00e9 de pepino s\u00e3o grandes aliadas para refrescar e relaxar<\/em>.<\/p>\n\n\n\n<p><em>Em rela\u00e7\u00e3o \u00e0s olheiras, os cremes v\u00e3o ajudar muito pouco. Em geral, precisamos de procedimentos. A fun\u00e7\u00e3o principal dos cremes \u00e9 manter a regi\u00e3o hidratada!\u201d<\/em><\/p>\n\n\n\n<p>A <a href=\"http:\/\/instagram.com\/oppenbrenda\">Brenda<\/a>, nossa comercial, tamb\u00e9m \u00e9 do time da pele mista e segue uma rotina minimalista de skincare, mas n\u00e3o abre m\u00e3o de lavar o rosto com um sabonete espec\u00edfico para o tipo de pele e do filtro com cor todos os dias. Outro item que n\u00e3o fica de fora da lista \u00e9 o protetor labial. E para evitar as temidas espinhas, tamb\u00e9m inclui um produto espec\u00edfico (Azelan) na rotina noturna.<\/p>\n\n\n\n<p><em>\u201c\u00c9 interessante que os sabonetes para o rosto sejam espec\u00edficos para o tipo de pele, pois dessa forma, eles atuam em conjunto com os outros t\u00f3picos. Se a pele \u00e9 mais oleosa, ele possui ativos mais adstrigentes para controle da oleosidade. Os sabonetes para pele com ros\u00e1cea s\u00e3o em geral sabonetes que n\u00e3o tem sab\u00e3o de verdade para n\u00e3o fazer a quebra da barreira natural da pele e aumentar a sensibilidade. A pele seca precisa pouco ou nenhum sab\u00e3o. Algumas fazem a higiene somente com \u00e1gua micelar. Em geral a limpeza n\u00e3o faz o tratamento em si, mas sim, contribui para o todo o conjunto.\u201d<\/em><\/p>\n\n\n\n<p>J\u00e1 no time das peles oleosas, a <a href=\"http:\/\/instagram.com\/fabimarsiglia\">Fabi<\/a>, nossa redatora e criadora de conte\u00fado, n\u00e3o deixa de lavar o rosto com um sabonete adequado para o tipo de pele e usar um hidratante mais levinho. Mesmo tendo a pele oleosa, ela opta por aqueles sabonetes que n\u00e3o ressecam e n\u00e3o deixam a pele repuxada. A Fabi tamb\u00e9m tem na rotina o uso de uma lo\u00e7\u00e3o com \u00e1cido glic\u00f3lico duas vezes na semana e n\u00e3o deixa de hidratar os l\u00e1bios.<\/p>\n\n\n\n<p><em>\u201cToda pele precisa ser hidratada! Se a pele \u00e9 seca, ela precisa de algo mais consistente e hidratante como um creme ou uma lo\u00e7\u00e3o cremosa. Se a pele \u00e9 mais oleosa, ela precisa de algo mais leve como gel ou s\u00e9rum. S\u00e3o as mesmas subst\u00e2ncias hidratantes em diferentes ve\u00edculos. E \u00e9 isso que faz com que a nossa pele tolere e ache bom ou n\u00e3o um determinado hidratante.\u201d<\/em><\/p>\n\n\n\n<p>A<a href=\"http:\/\/instagram.com\/jegarate\"> J\u00e9 <\/a>(sim, duas J\u00e9ssica\u2019s), nossa planejamento, tamb\u00e9m tem a pele oleosa e tenta seguir uma rotina bem regrada de skincare. N\u00e3o abre m\u00e3o de lavar o rosto duas vezes ao dia, com produtos espec\u00edficos para o tipo de pele, do s\u00e9rum com vitamina C e filtro solar pela manh\u00e3 e dos hidratantes com \u00e1cido hialur\u00f4nico a noite. Outro item super importante \u00e9 a esfolia\u00e7\u00e3o f\u00edsica uma vez na semana.<\/p>\n\n\n\n<p><em>\u201cPor que a Vitamina C \u00e9 t\u00e3o importante e normalmente \u00e9 o primeiro rejuvenescedor que colocamos numa rotina de skincare? Porque ela faz a preven\u00e7\u00e3o da quebra de col\u00e1geno que ocorre por oxida\u00e7\u00e3o e ela \u00e9 um antioxidante! Ela entra durante o dia porque \u00e9 quando temos mais rea\u00e7\u00f5es oxidativas na nossa pele, seja por exposi\u00e7\u00e3o ao sol, polui\u00e7\u00e3o ou at\u00e9 mesmo por algum alimento que ingerimos.<\/em><\/p>\n\n\n\n<p><em>Sobre a esfolia\u00e7\u00e3o: \u00e9 um tema pol\u00eamico na dermatologia! Tem dermatos que acreditam que ela quebra a barreira cut\u00e2nea e de fato, n\u00e3o \u00e9 toda a pele que aguenta. Mas em geral, uma vez por semana ou a cada 15 dias pode ser bem tolerada. \u00c9 importante considerar que, se for fazer esfolia\u00e7\u00e3o f\u00edsica ou qu\u00edmica, tem que organizar na rotina e cuidar para n\u00e3o sobrepor e agredir a pele.\u201d<\/em><\/p>\n\n\n\n<p>A unanimidade da nossa equipe \u00e9 reservar um dia da semana para fazer uma m\u00e1scara, seja para controlar a oleosidade, amenizar as linhas de express\u00e3o ou at\u00e9 mesmo dar uma super hidratada.<\/p>\n\n\n\n<p><em>\u201cAs m\u00e1scaras faciais super bombaram na quarentena! A m\u00e1scara \u00e9 um complemento. O que faz a tua pele ficar boa e controlar o que tem que controlar \u00e9 a rotina di\u00e1ria. O uso do filtro di\u00e1rio, do sabonete certo di\u00e1rio, o antioxidante di\u00e1rio, o hidratante di\u00e1rio.\u201d<\/em><\/p>\n\n\n\n<p>E como todo mundo merece um luxo de vez em quando, olha s\u00f3 o que cada uma de n\u00f3s faz pra dar aquele up na autoestima: <\/p>\n\n\n\n<figure class=\"wp-block-image\"><img src=\"http:\/\/vamosfluir.com.br\/site\/wp-content\/uploads\/2020\/11\/pro-site-13-1030x290.png\" alt=\"\" class=\"wp-image-475\"\/><\/figure>\n\n\n\n<p>E a dermato? Como cuida da pele?<br><em>\u201cA minha rotina de skincare \u00e9 aquela longa, cheio de passos. De luxinho eu uso uma m\u00e1scara a cada 15 dias e aqueles pads para aplicar na \u00e1rea dos olhos\u2026 N\u00e3o uso jade roller nem gua sha mas fa\u00e7o massagem com as m\u00e3os mesmo. A dica pra massagem t\u00e1 l\u00e1 no IGTV da <a href=\"http:\/\/instagram.com\/vamosfluir\">@vamosfluir<\/a>!\u201d<\/em><br><\/p>\n","protected":false},"excerpt":{"rendered":"<p>N\u00e3o \u00e9 s\u00f3 de trabalho que a gente vive! Um dos nossos segredos para aumentar a produtividade e entregar resultados<span class=\"excerpt-hellip\"> [\u2026]<\/span><\/p>\n","protected":false},"author":1,"featured_media":476,"comment_status":"open","ping_status":"open","sticky":false,"template":"","format":"standard","meta":[],"categories":[7,4],"tags":[30,31],"_links":{"self":[{"href":"https:\/\/vamosfluir.com.br\/site\/wp-json\/wp\/v2\/posts\/474"}],"collection":[{"href":"https:\/\/vamosfluir.com.br\/site\/wp-json\/wp\/v2\/posts"}],"about":[{"href":"https:\/\/vamosfluir.com.br\/site\/wp-json\/wp\/v2\/types\/post"}],"author":[{"embeddable":true,"href":"https:\/\/vamosfluir.com.br\/site\/wp-json\/wp\/v2\/users\/1"}],"replies":[{"embeddable":true,"href":"https:\/\/vamosfluir.com.br\/site\/wp-json\/wp\/v2\/comments?post=474"}],"version-history":[{"count":0,"href":"https:\/\/vamosfluir.com.br\/site\/wp-json\/wp\/v2\/posts\/474\/revisions"}],"wp:featuredmedia":[{"embeddable":true,"href":"https:\/\/vamosfluir.com.br\/site\/wp-json\/"}],"wp:attachment":[{"href":"https:\/\/vamosfluir.com.br\/site\/wp-json\/wp\/v2\/media?parent=474"}],"wp:term":[{"taxonomy":"category","embeddable":true,"href":"https:\/\/vamosfluir.com.br\/site\/wp-json\/wp\/v2\/categories?post=474"},{"taxonomy":"post_tag","embeddable":true,"href":"https:\/\/vamosfluir.com.br\/site\/wp-json\/wp\/v2\/tags?post=474"}],"curies":[{"name":"wp","href":"https:\/\/api.w.org\/{rel}","templated":true}]}}