{"id":451,"date":"2020-10-16T16:00:18","date_gmt":"2020-10-16T19:00:18","guid":{"rendered":"http:\/\/vamosfluir.com.br\/site\/?p=451"},"modified":"2020-10-16T16:00:18","modified_gmt":"2020-10-16T19:00:18","slug":"nao-e-so-de-dicas-e-hacks-que-vive-um-criador-de-conteudo","status":"publish","type":"post","link":"https:\/\/vamosfluir.com.br\/site\/nao-e-so-de-dicas-e-hacks-que-vive-um-criador-de-conteudo\/","title":{"rendered":"N\u00e3o \u00e9 s\u00f3 de dicas e hacks que vive um criador de conte\u00fado"},"content":{"rendered":"\n<p>Criar conte\u00fado para as redes sociais, encantar e engajar teu p\u00fablico \u00e9 muito mais do que simplesmente postar aquilo que te der na telha. Quando tu olha um perfil no Insta todo bonitinho, cheio de conte\u00fado bacana e com muita intera\u00e7\u00e3o parece que \u00e9 f\u00e1cil, que aquela pessoa tem \u201co dom\u201d, n\u00e9?<\/p>\n\n\n\n<p>N\u00e3o \u00e9 bem assim. At\u00e9 quem tem esse \u201cdom\u201d para as redes sociais precisa de estudo, dedica\u00e7\u00e3o e muito planejamento para criar um conte\u00fado relevante e que, de fato, fa\u00e7a diferen\u00e7a na vida das pessoas.&nbsp;<\/p>\n\n\n\n<p>Assim como a gente, as gurias da <a href=\"https:\/\/www.instagram.com\/bergamotaconteudo\/\">Bergamota Conte\u00fado<\/a> tamb\u00e9m acreditam que o conte\u00fado \u00e9 a chave do sucesso para qualquer neg\u00f3cio. A partir do momento que tu gera conte\u00fado de valor pro teu p\u00fablico, tu gera confian\u00e7a e come\u00e7a a construir aquela t\u00e3o sonhada <a href=\"http:\/\/vamosfluir.com.br\/site\/2020\/10\/08\/o-que-te-faz-ser-uma-autoridade-nas-redes-sociais\/\">autoridade nas redes sociais<\/a> que j\u00e1 falamos por aqui.\u00a0<\/p>\n\n\n\n<p><strong>A B\u00e1rbara, do <a href=\"https:\/\/www.instagram.com\/omundonacozinha\/\">@omundonacozinha<\/a> e s\u00f3cia da Bergamota, contou pra gente o que criar conte\u00fado significa pra ela.<\/strong><\/p>\n\n\n\n<p>\u201cCriar conte\u00fado \u00e9 contar hist\u00f3ria. O \u201cEra uma vez\u201d das redes sociais, contudo, n\u00e3o exige apenas imagina\u00e7\u00e3o f\u00e9rtil: \u00e9 preciso vasculhar a mem\u00f3ria, mas tamb\u00e9m livros, cursos, sites, aplicativos, perfis, revistas, podcasts. Envolve uma busca di\u00e1ria de refer\u00eancias, exige que prestemos aten\u00e7\u00e3o nas min\u00facias do dia-a-dia, nos pequenos e nos grandes acontecimentos, demanda aten\u00e7\u00e3o constante \u00e0s necessidades do p\u00fablico. \u00c9 pra ele, afinal, que trabalhamos &#8211; e, se n\u00e3o entregarmos um material que fa\u00e7a sentido e que acrescente algo positivo pra quem nos acompanha, perdemos a relev\u00e2ncia. Primeiro, temos que focar em mostrar nossa ess\u00eancia agregando \u00e0 vida das pessoas: o reconhecimento \u00e9 resultado desse esfor\u00e7o genu\u00edno.\u201d<\/p>\n\n\n\n<p>Sempre que a gente fala em criar conte\u00fado, estamos falando sobre \u201ccriar conte\u00fado relevante, impactante e que fa\u00e7a diferen\u00e7a na vida do teu p\u00fablico\u201d. Entender e praticar a empatia com teu p\u00fablico \u00e9 super importante e sempre que tu achar que t\u00e1 te perdendo ou que t\u00e1 dif\u00edcil de criar coisas novas, volta l\u00e1 no teu planejamento e analisa teu p\u00fablico e tuas personas outra vez. D\u00e1 um baita help na hora daquele \u201cbranco\u201d.<\/p>\n\n\n\n<p><strong>A <a href=\"https:\/\/www.instagram.com\/daninelstein\/\">Dani<\/a>, que al\u00e9m de s\u00f3cia da Bergamota \u00e9 a <a href=\"https:\/\/www.instagram.com\/gastroaventureira\/\">@gastroaventureira<\/a>, divide a rotina insana de criar conte\u00fado entre os clientes e o pr\u00f3prio Insta de dicas gastron\u00f4micas de Porto Alegre.<\/strong><\/p>\n\n\n\n<p>\u201c\u201dPra mim, as coisas meio que se dividem em duas partes, a Dani @gastroaventureira e a Dani da @bergamotaconteudo. Muitos confundem ainda o papel de cada. E a cria\u00e7\u00e3o de conte\u00fado est\u00e1 nas duas, \u00e9 o &#8220;contar a hist\u00f3ria do produto e\/ou servi\u00e7o&#8221;, mas de maneira mais leve e livre, digamos assim, por\u00e9m com autenticidade e relev\u00e2ncia. E isso requer conhecimento, estudo, pesquisa, tudo isso e mais. Estar ligada em tend\u00eancias positivas e tamb\u00e9m negativas, ou seja, &#8220;n\u00e3o desligar&#8221; quase nunca. Estudar os aplicativos, a edi\u00e7\u00e3o da foto \u00e9 essencial, mas saber como postar ela tamb\u00e9m. Tudo pra chegar redondinho, com as informa\u00e7\u00f5es completas, para o p\u00fablico final. Passar muita verdade \u00e9 essencial, o contr\u00e1rio perde todo o sentido. A maneira certa n\u00e3o existe, mas acho essencial, pra n\u00f3s que criamos, saber se colocar no lugar do outro, tanto do cliente dono da empresa, quanto do cliente que vai consumir aquele &#8220;produto&#8221;. Enfim, fazer com amor e gostar do que faz \u00e9 um &#8220;ingrediente&#8221; que ajuda. Se n\u00e3o der aquele &#8220;tes\u00e3o&#8221; pelo trabalho, sugiro mudar os planos!\u201d<\/p>\n\n\n\n<p>E como a Dani disse, no fim de tudo, \u00e9 sobre amor! \u00c9 sobre amar o que fazer e n\u00e3o medir esfor\u00e7os para se dedicar, continuar estudando e sempre procurando dar o teu melhor.&nbsp;<\/p>\n\n\n\n<p>Estar presente e postar qualquer coisinha nas redes sociais, todo mundo t\u00e1 e todo mundo posta. Agora ser diferente e fazer a diferen\u00e7a, s\u00e3o pouqu\u00edssimos que conseguem.<br><\/p>\n\n\n\n<p>E tu? Como tu acha que \u00e9 essa vida louca de produzir conte\u00fado pras redes sociais?<br><\/p>\n","protected":false},"excerpt":{"rendered":"<p>Criar conte\u00fado para as redes sociais, encantar e engajar teu p\u00fablico \u00e9 muito mais do que simplesmente postar aquilo que<span class=\"excerpt-hellip\"> [\u2026]<\/span><\/p>\n","protected":false},"author":1,"featured_media":452,"comment_status":"open","ping_status":"open","sticky":false,"template":"","format":"standard","meta":[],"categories":[7,4,26],"tags":[22,25,23],"_links":{"self":[{"href":"https:\/\/vamosfluir.com.br\/site\/wp-json\/wp\/v2\/posts\/451"}],"collection":[{"href":"https:\/\/vamosfluir.com.br\/site\/wp-json\/wp\/v2\/posts"}],"about":[{"href":"https:\/\/vamosfluir.com.br\/site\/wp-json\/wp\/v2\/types\/post"}],"author":[{"embeddable":true,"href":"https:\/\/vamosfluir.com.br\/site\/wp-json\/wp\/v2\/users\/1"}],"replies":[{"embeddable":true,"href":"https:\/\/vamosfluir.com.br\/site\/wp-json\/wp\/v2\/comments?post=451"}],"version-history":[{"count":0,"href":"https:\/\/vamosfluir.com.br\/site\/wp-json\/wp\/v2\/posts\/451\/revisions"}],"wp:featuredmedia":[{"embeddable":true,"href":"https:\/\/vamosfluir.com.br\/site\/wp-json\/"}],"wp:attachment":[{"href":"https:\/\/vamosfluir.com.br\/site\/wp-json\/wp\/v2\/media?parent=451"}],"wp:term":[{"taxonomy":"category","embeddable":true,"href":"https:\/\/vamosfluir.com.br\/site\/wp-json\/wp\/v2\/categories?post=451"},{"taxonomy":"post_tag","embeddable":true,"href":"https:\/\/vamosfluir.com.br\/site\/wp-json\/wp\/v2\/tags?post=451"}],"curies":[{"name":"wp","href":"https:\/\/api.w.org\/{rel}","templated":true}]}}