{"id":1579,"date":"2022-11-03T12:04:00","date_gmt":"2022-11-03T15:04:00","guid":{"rendered":"http:\/\/vamosfluir.com.br\/site\/?p=1579"},"modified":"2022-11-03T12:17:00","modified_gmt":"2022-11-03T15:17:00","slug":"fluindo-com-ceramica-torta","status":"publish","type":"post","link":"https:\/\/vamosfluir.com.br\/site\/fluindo-com-ceramica-torta\/","title":{"rendered":"Fluindo com Cer\u00e2mica Torta"},"content":{"rendered":"\n<div class=\"wp-block-image\"><figure class=\"alignright size-large is-resized\"><img loading=\"lazy\" src=\"http:\/\/vamosfluir.com.br\/site\/wp-content\/uploads\/2022\/11\/3P1A4519-e1667487507457-1024x1016.jpg\" alt=\"\" class=\"wp-image-1580\" width=\"351\" height=\"348\" srcset=\"https:\/\/vamosfluir.com.br\/site\/wp-content\/uploads\/2022\/11\/3P1A4519-e1667487507457-1024x1016.jpg 1024w, https:\/\/vamosfluir.com.br\/site\/wp-content\/uploads\/2022\/11\/3P1A4519-e1667487507457-300x298.jpg 300w, https:\/\/vamosfluir.com.br\/site\/wp-content\/uploads\/2022\/11\/3P1A4519-e1667487507457-150x150.jpg 150w, https:\/\/vamosfluir.com.br\/site\/wp-content\/uploads\/2022\/11\/3P1A4519-e1667487507457-768x762.jpg 768w, https:\/\/vamosfluir.com.br\/site\/wp-content\/uploads\/2022\/11\/3P1A4519-e1667487507457-147x146.jpg 147w, https:\/\/vamosfluir.com.br\/site\/wp-content\/uploads\/2022\/11\/3P1A4519-e1667487507457-50x50.jpg 50w, https:\/\/vamosfluir.com.br\/site\/wp-content\/uploads\/2022\/11\/3P1A4519-e1667487507457-76x75.jpg 76w, https:\/\/vamosfluir.com.br\/site\/wp-content\/uploads\/2022\/11\/3P1A4519-e1667487507457-85x85.jpg 85w, https:\/\/vamosfluir.com.br\/site\/wp-content\/uploads\/2022\/11\/3P1A4519-e1667487507457-80x80.jpg 80w, https:\/\/vamosfluir.com.br\/site\/wp-content\/uploads\/2022\/11\/3P1A4519-e1667487507457.jpg 1367w\" sizes=\"(max-width: 351px) 100vw, 351px\" \/><\/figure><\/div>\n\n\n\n<p><strong>Convenhamos:<\/strong> um objeto que tem uma rela\u00e7\u00e3o afetiva \u00e9 bem mais valioso do que um objeto gen\u00e9rico, n\u00e9?<\/p>\n\n\n\n<p>Para a Luiza Horn (@luiza_horn), criadora da Cer\u00e2mica Torta (<a href=\"https:\/\/www.instagram.com\/ceramica_torta\/#\">@ceramica_torta<\/a>), o diferencial do trabalho dela \u00e9 justamente criar pe\u00e7as de cer\u00e2mica que sejam \u00fateis e afetuosas.<\/p>\n\n\n\n<p>A Cer\u00e2mica Torta come\u00e7ou a ganhar forma quando a Luiza entrou no curso de Artes da Universidade Federal do Rio Grande do Sul (UFRGS). Ela conta que n\u00e3o foi uma decis\u00e3o 100% intencional, e sim uma escolha para se redescobrir dentro da \u00e1rea.<\/p>\n\n\n\n<p><em>\u201cQuando entrei no curso de Artes da UFRGS, eu queria muito ser bolsista, participar de algum projeto de pesquisa, algo que direcionasse minha produ\u00e7\u00e3o na universidade. No Instituto de Artes tem um monte de cadeiras de t\u00e9cnicas art\u00edsticas e, eventualmente, a gente acaba se aproximando mais de umas do que outras\u201d<\/em>, lembra.\u00a0<\/p>\n\n\n\n<p><em>\u201cEu j\u00e1 estava h\u00e1 um ano no curso e me sentia muito perdida, quando finalmente conheci um projeto de extens\u00e3o chamado Objeto Identidade, cuja proposta era trabalhar com cer\u00e2mica utilit\u00e1ria e produzir x\u00edcaras, copos, bowls, moringas, dentre outros objetos, para a pr\u00f3pria universidade. Ent\u00e3o, na verdade, eu acho que n\u00e3o foi muito intencional come\u00e7ar a trabalhar com cer\u00e2mica. Foi mais uma decis\u00e3o objetiva, de achar um caminho para seguir. Eu frequentei a sala em que acontecia o projeto por alguns meses, bem na cara de pau, e acabei sendo aceita\u201d<\/em>, comenta Luiza.<\/p>\n\n\n\n<div class=\"wp-block-image\"><figure class=\"alignleft size-large is-resized\"><img loading=\"lazy\" src=\"http:\/\/vamosfluir.com.br\/site\/wp-content\/uploads\/2022\/11\/3P1A4336-2-683x1024.jpg\" alt=\"\" class=\"wp-image-1581\" width=\"280\" height=\"420\"\/><\/figure><\/div>\n\n\n\n<h3>E por que Cer\u00e2mica Torta?&nbsp;<\/h3>\n\n\n\n<p><em>\u201cQuando comecei nesse projeto de pesquisa, v\u00e1rias das minhas colegas bolsistas tinham uma p\u00e1gina no Instagram com as suas produ\u00e7\u00f5es. Eu queria muito mostrar para o mundo (e para mim mesma) que eu tamb\u00e9m tinha algo meu. Por isso, quando decidi postar minhas pe\u00e7as, elas ainda tinham muito para evoluir, ent\u00e3o achei que Cer\u00e2mica Torta seria uma combina\u00e7\u00e3o interessante e que iria definir n\u00e3o s\u00f3 uma expectativa dos outros, mas a minha: um lugar de autodescoberta e sem grandes exig\u00eancias (vindo de uma pessoa que \u00e9 muito exigente)\u201d<\/em>, explica.<\/p>\n\n\n\n<p><strong>Sabendo de toda essa hist\u00f3ria, o nome realmente caiu como uma luva, n\u00e9? A gente amou a escolha!<\/strong><\/p>\n\n\n\n<p>Hoje, o Instagram \u00e9 a principal plataforma de comunica\u00e7\u00e3o da Cer\u00e2mica Torta. \u00c9 ali que a Luiza compartilha as pe\u00e7as que acabaram de ser produzidas, divulga as feiras que vai participar, compartilha os links de vendas e interage com quem acompanha o trabalho dela.&nbsp;<\/p>\n\n\n\n<p><em>\u201cAntes de eu participar de qualquer exposi\u00e7\u00e3o, a Cer\u00e2mica Torta j\u00e1 tava l\u00e1 sendo exposta para o mundo. Antes de eu ter um local fixo de trabalho, um est\u00fadio de cer\u00e2mica, eu j\u00e1 tinha essa plataforma online. E por meio dessa timeline de postagens, eu tamb\u00e9m vejo a evolu\u00e7\u00e3o do meu trabalho, e as pessoas tamb\u00e9m podem ver isso. No fim, o meu desejo de poder viver de cer\u00e2mica tamb\u00e9m depende inteiramente das redes, porque l\u00e1 \u00e9 o meio mais f\u00e1cil que conhe\u00e7o hoje das pessoas conhecerem o meu trabalho\u201d<\/em>, explica.\u00a0\u00a0<\/p>\n\n\n\n<p>Quem acompanha a Fluir conhece a import\u00e2ncia do planejamento, n\u00e9? Mas, como nem tudo \u00e9 f\u00e1cil de seguir na pr\u00e1tica, a gente tamb\u00e9m entende que o teu planejamento n\u00e3o precisa ser sempre redondinho, do in\u00edcio ao fim do m\u00eas. Muitos criadores v\u00e3o compartilhando conte\u00fado conforme produzem, e tudo bem! O importante \u00e9 ter compromisso com quem te segue.<\/p>\n\n\n\n<div class=\"wp-block-image\"><figure class=\"alignright size-large is-resized\"><img loading=\"lazy\" src=\"http:\/\/vamosfluir.com.br\/site\/wp-content\/uploads\/2022\/11\/3P1A4063-768x1024.jpg\" alt=\"\" class=\"wp-image-1582\" width=\"357\" height=\"476\"\/><\/figure><\/div>\n\n\n\n<p><strong>A Luiza, por exemplo, nos contou que n\u00e3o consegue seguir um planejamento fixo. Olha o que ela disse:<\/strong><\/p>\n\n\n\n<p><em>\u201cUltimamente, eu tenho me concentrado em atualizar todo o dia o Instagram, postar algum story para as pessoas verem que eu ainda t\u00f4 ali. At\u00e9 alguns meses atr\u00e1s, eu dividia o meu trabalho na Cer\u00e2mica Torta com a gradua\u00e7\u00e3o e outro emprego, e agora finalmente estou me dedicando inteiramente ao trabalho como ceramista. N\u00e3o consigo fazer um planejamento muito rigoroso, porque minha produ\u00e7\u00e3o em cer\u00e2mica \u00e9 inst\u00e1vel, se n\u00e3o imprevis\u00edvel. Por conta disso, acabo fazendo planejamentos de curto prazo baseados na minha pr\u00f3pria produ\u00e7\u00e3o.\u201d<\/em><\/p>\n\n\n\n<p><strong>Em rela\u00e7\u00e3o ao conte\u00fado dos posts, a Luiza disse que os seguidores da Cer\u00e2mica Torta engajam mais em assuntos ligados ao universo da marca, que tem pe\u00e7as inspiradas em desenhos de animes e afins.<\/strong><\/p>\n\n\n\n<p><em>\u201cEu noto que as pessoas gostam de ver coisas que elas j\u00e1 t\u00eam familiaridade. As publica\u00e7\u00f5es nas redes que mais tiveram repercuss\u00e3o positiva foram fotos de pe\u00e7as que fiz relacionadas ao universo do Studio Ghibli, animes e outras tem\u00e1ticas. Por isso, acabei me direcionando para uma produ\u00e7\u00e3o com essas imagens sobre as cer\u00e2micas, por mais que, frequentemente, eu sinta uma falta de originalidade no meu trabalho como consequ\u00eancia disso\u201d,<\/em> comenta.\u00a0<\/p>\n\n\n\n<p><strong>E para finalizar, a gente perguntou sobre a parte mais pol\u00eamica das redes sociais: o algoritmo. Como ser\u00e1 que a Luiza, que trabalha diretamente com a venda das pe\u00e7as que produz, sente o impacto das mudan\u00e7as na entrega dos posts?<\/strong><\/p>\n\n\n\n<p><em>\u201cFaz s\u00f3 um m\u00eas que passei a usar a plataforma do Meta Business para fazer publica\u00e7\u00f5es impulsionadas. Portanto, ter &#8220;controle&#8221; das minhas redes sociais e ter engajamento \u00e9 uma coisa recente que, at\u00e9 ent\u00e3o, era rar\u00edssima . Acredito que sei o b\u00e1sico para sobreviver nessa rede, mas me sinto muito suscet\u00edvel ao shadowban (que acontece quando o Instagram faz um esp\u00e9cie de restri\u00e7\u00e3o tempor\u00e1ria e n\u00e3o deixa que os conte\u00fados apare\u00e7am em resultados de hashtags), justamente porque n\u00e3o estou o tempo todo fazendo publica\u00e7\u00f5es, n\u00e3o tanto quanto o algoritmo gostaria\u201d<\/em>, acredita Luiza.<\/p>\n\n\n\n<p><strong>A gente adorou conhecer um pouquinho mais da Cer\u00e2mica Torta, Luiza. Obrigada por Fluir com a gente!<\/strong><\/p>\n","protected":false},"excerpt":{"rendered":"<p>Convenhamos: um objeto que tem uma rela\u00e7\u00e3o afetiva \u00e9 bem mais valioso do que um objeto gen\u00e9rico, n\u00e9? Para a<span class=\"excerpt-hellip\"> [\u2026]<\/span><\/p>\n","protected":false},"author":1,"featured_media":1583,"comment_status":"open","ping_status":"open","sticky":false,"template":"","format":"standard","meta":[],"categories":[1],"tags":[],"_links":{"self":[{"href":"https:\/\/vamosfluir.com.br\/site\/wp-json\/wp\/v2\/posts\/1579"}],"collection":[{"href":"https:\/\/vamosfluir.com.br\/site\/wp-json\/wp\/v2\/posts"}],"about":[{"href":"https:\/\/vamosfluir.com.br\/site\/wp-json\/wp\/v2\/types\/post"}],"author":[{"embeddable":true,"href":"https:\/\/vamosfluir.com.br\/site\/wp-json\/wp\/v2\/users\/1"}],"replies":[{"embeddable":true,"href":"https:\/\/vamosfluir.com.br\/site\/wp-json\/wp\/v2\/comments?post=1579"}],"version-history":[{"count":8,"href":"https:\/\/vamosfluir.com.br\/site\/wp-json\/wp\/v2\/posts\/1579\/revisions"}],"predecessor-version":[{"id":1594,"href":"https:\/\/vamosfluir.com.br\/site\/wp-json\/wp\/v2\/posts\/1579\/revisions\/1594"}],"wp:featuredmedia":[{"embeddable":true,"href":"https:\/\/vamosfluir.com.br\/site\/wp-json\/wp\/v2\/media\/1583"}],"wp:attachment":[{"href":"https:\/\/vamosfluir.com.br\/site\/wp-json\/wp\/v2\/media?parent=1579"}],"wp:term":[{"taxonomy":"category","embeddable":true,"href":"https:\/\/vamosfluir.com.br\/site\/wp-json\/wp\/v2\/categories?post=1579"},{"taxonomy":"post_tag","embeddable":true,"href":"https:\/\/vamosfluir.com.br\/site\/wp-json\/wp\/v2\/tags?post=1579"}],"curies":[{"name":"wp","href":"https:\/\/api.w.org\/{rel}","templated":true}]}}