{"id":1575,"date":"2022-10-24T11:48:54","date_gmt":"2022-10-24T14:48:54","guid":{"rendered":"http:\/\/vamosfluir.com.br\/site\/?p=1575"},"modified":"2022-10-24T11:49:47","modified_gmt":"2022-10-24T14:49:47","slug":"fluindo-com-o-blog-acabou-em-pizza","status":"publish","type":"post","link":"https:\/\/vamosfluir.com.br\/site\/fluindo-com-o-blog-acabou-em-pizza\/","title":{"rendered":"Fluindo com o blog Acabou em Pizza"},"content":{"rendered":"\n<p>Cultura, pol\u00edtica e atualidades andam juntas, e prova disso \u00e9 o Acabou em Pizza (@acabouempizza)!<\/p>\n\n\n\n<p>A ideia de ter um blog que unisse not\u00edcias e entretenimento surgiu quando a Caroline Oliveira (@caroline.oliv_) e o Daniel Giussani (@danigiussani) estavam cursando jornalismo. Naquela \u00e9poca, a \u00fanica pretens\u00e3o deles era ter um espa\u00e7o para praticar o que aprendiam na faculdade.<\/p>\n\n\n\n<p><br>\u201cN\u00f3s come\u00e7amos o projeto ainda no in\u00edcio da faculdade, em 2018. Quer\u00edamos colocar em pr\u00e1tica o que est\u00e1vamos aprendendo no curso, e o Acabou em Pizza surgiu como uma forma de fazermos isso\u201d, lembra Carol.<br>\u201cO Acabou em Pizza nasceu com a ideia de falar sobre pol\u00edtica e cultura de um jeito did\u00e1tico e leve. Nos conte\u00fados culturais, nosso foco, por muito tempo, foi em filmes. E o p\u00fablico curtia bastante as cr\u00edticas, principalmente de filmes premiados. Agora, tamb\u00e9m estamos cobrindo shows, o que tem gerado uma \u00f3tima repercuss\u00e3o e intera\u00e7\u00e3o nas redes sociais\u201d, conta. \u201cNosso p\u00fablico tamb\u00e9m gosta das informa\u00e7\u00f5es locais, como a agenda cultural de Porto Alegre e do Rio Grande do Sul. Na parte pol\u00edtica, nosso foco segue sendo explicar os processos e funcionamentos das institui\u00e7\u00f5es pol\u00edticas brasileiras.\u201d<\/p>\n\n\n\n<p><br>Hoje, quatro anos depois do primeiro post, eles t\u00eam uma comunidade engajada e que entende que a cultura \u00e9 um pilar de transforma\u00e7\u00e3o social, o que s\u00f3 motiva a vontade de continuar produzindo!<br>A Carol disse que, enquanto ve\u00edculo de cultura, o Acabou em Pizza se dedica a refor\u00e7ar o papel do jornalismo cultural nas decis\u00f5es pol\u00edticas e sociais, para que mais pessoas tenham acesso \u00e0 informa\u00e7\u00e3o.<\/p>\n\n\n\n<p><br>\u201cA cultura \u00e9 fundamental para a vida. Infelizmente, muitas pessoas a veem como algo sup\u00e9rfluo, mas falar e consumir cultura \u00e9 essencial para que possamos nos tornar pessoas mais cr\u00edticas e mais humanas. E nosso papel, enquanto ve\u00edculo de cultura, \u00e9 incentivar esse consumo e levar, de alguma forma, manifesta\u00e7\u00f5es culturais para aqueles que n\u00e3o t\u00eam acesso direto\u201d, explica.<br>E para construir essa comunidade apaixonada por cultura e pol\u00edtica, \u00e9 claro que eles contam com aquela ajudinha das redes sociais, n\u00e9?<\/p>\n\n\n\n<p><br>A gente perguntou para o Acabou em Pizza como o Instagram aproxima o p\u00fablico deles e interfere na entrega do conte\u00fado. D\u00e1 uma olhada na resposta da Carol:<br>\u201cO Instagram funciona como uma vitrine para o nosso trabalho. Ali, colocamos nossa produ\u00e7\u00e3o para que o p\u00fablico possa acompanhar as novidades e, a partir disso, gerar trocas e conversas. A possibilidade de conversar ou se conectar com diversas pessoas ao mesmo tempo e mostrar nosso trabalho atrav\u00e9s das m\u00eddias \u00e9 o que nos levou para o Insta\u201d, comenta.<br>A Carol ainda comentou sobre as \u00faltimas mudan\u00e7as de formato feitas pela plataforma e como elas mexeram com as prefer\u00eancias de quem acompanha o trabalho dos criadores.<\/p>\n\n\n\n<p><br>\u201cAcho que a vis\u00e3o da plataforma de for\u00e7ar os produtores de conte\u00fado a produzirem no formato que eles querem \u00e9 algo defasado e contradit\u00f3rio com o que o p\u00fablico quer, como a valoriza\u00e7\u00e3o de v\u00eddeos ao inv\u00e9s de fotos\u201d, refor\u00e7a.<br>A gente adorou a conversa, pessoal! Vida longa ao Acabou em Pizza!<\/p>\n","protected":false},"excerpt":{"rendered":"<p>Cultura, pol\u00edtica e atualidades andam juntas, e prova disso \u00e9 o Acabou em Pizza (@acabouempizza)! A ideia de ter um<span class=\"excerpt-hellip\"> [\u2026]<\/span><\/p>\n","protected":false},"author":1,"featured_media":1577,"comment_status":"open","ping_status":"open","sticky":false,"template":"","format":"standard","meta":[],"categories":[1],"tags":[],"_links":{"self":[{"href":"https:\/\/vamosfluir.com.br\/site\/wp-json\/wp\/v2\/posts\/1575"}],"collection":[{"href":"https:\/\/vamosfluir.com.br\/site\/wp-json\/wp\/v2\/posts"}],"about":[{"href":"https:\/\/vamosfluir.com.br\/site\/wp-json\/wp\/v2\/types\/post"}],"author":[{"embeddable":true,"href":"https:\/\/vamosfluir.com.br\/site\/wp-json\/wp\/v2\/users\/1"}],"replies":[{"embeddable":true,"href":"https:\/\/vamosfluir.com.br\/site\/wp-json\/wp\/v2\/comments?post=1575"}],"version-history":[{"count":1,"href":"https:\/\/vamosfluir.com.br\/site\/wp-json\/wp\/v2\/posts\/1575\/revisions"}],"predecessor-version":[{"id":1576,"href":"https:\/\/vamosfluir.com.br\/site\/wp-json\/wp\/v2\/posts\/1575\/revisions\/1576"}],"wp:featuredmedia":[{"embeddable":true,"href":"https:\/\/vamosfluir.com.br\/site\/wp-json\/wp\/v2\/media\/1577"}],"wp:attachment":[{"href":"https:\/\/vamosfluir.com.br\/site\/wp-json\/wp\/v2\/media?parent=1575"}],"wp:term":[{"taxonomy":"category","embeddable":true,"href":"https:\/\/vamosfluir.com.br\/site\/wp-json\/wp\/v2\/categories?post=1575"},{"taxonomy":"post_tag","embeddable":true,"href":"https:\/\/vamosfluir.com.br\/site\/wp-json\/wp\/v2\/tags?post=1575"}],"curies":[{"name":"wp","href":"https:\/\/api.w.org\/{rel}","templated":true}]}}